{"id":146877,"date":"2022-05-03T15:18:03","date_gmt":"2022-05-03T19:18:03","guid":{"rendered":"https:\/\/linitiative.ca\/International\/ethiopie-deux-journalistes-risquent-la-peine-de-mort\/"},"modified":"2022-05-03T15:18:03","modified_gmt":"2022-05-03T19:18:03","slug":"ethiopie-deux-journalistes-risquent-la-peine-de-mort","status":"publish","type":"post","link":"https:\/\/linitiative.ca\/International\/ethiopie-deux-journalistes-risquent-la-peine-de-mort\/","title":{"rendered":"\u00c9thiopie : deux journalistes risquent la peine de mort"},"content":{"rendered":"<div>\n<p><img decoding=\"async\" width=\"750\" height=\"469\" src=\"https:\/\/linitiative.ca\/International\/wp-content\/uploads\/sites\/23\/2022\/05\/16516054831634.jpg\" class=\"attachment-post-thumbnail size-post-thumbnail wp-post-image\" alt=\"\" loading=\"lazy\" srcset=\"https:\/\/linitiative.ca\/International\/wp-content\/uploads\/sites\/23\/2022\/05\/16516054831634.jpg 750w, https:\/\/www.journalducameroun.com\/wp-content\/uploads\/2022\/05\/16516054831634-300x188.jpg 300w, https:\/\/www.journalducameroun.com\/wp-content\/uploads\/2022\/05\/16516054831634-704x440.jpg 704w, https:\/\/www.journalducameroun.com\/wp-content\/uploads\/2022\/05\/16516054831634-600x375.jpg 600w\" sizes=\"auto, (max-width: 750px) 100vw, 750px\"><\/p>\n<p>Les journalistes Dessu Dulla et Bikila Amenu sont accus\u00e9s \u00ab d&rsquo;outrage \u00e0 la constitution \u00bb.Le Comit\u00e9 pour la protection des journalistes (CPJ) a exhort\u00e9 lundi les autorit\u00e9s \u00e9thiopiennes \u00e0 lib\u00e9rer imm\u00e9diatement les journalistes, Dessu Dulla et Bikila Amenu, \u00e0 abandonner toutes les charges retenues contre eux et \u00e0 cesser de cibler les agents de la presse.<\/p>\n<p>\u00a0Alors que ce 3 mai marque la Journ\u00e9e mondiale de libert\u00e9 de la presse, ces deux professionnels de l&rsquo;information diffuseurs au m\u00e9dia \u00ab\u00a0Oromia News Network \u00bb sont inculp\u00e9s depuis 7 avril par les autorit\u00e9s de la r\u00e9gion \u00e9thiopienne d&rsquo;Oromia.<\/p>\n<p>Ils sont accus\u00e9s d&rsquo;avoir transgress\u00e9 l&rsquo;article 238 du code p\u00e9nal du pays, qui interdit les \u00ab outrages \u00e0 la constitution \u00bb, selon des rapports de presse et Gudane Fekadu, un avocat repr\u00e9sentant les journalistes, qui s&rsquo;est entretenu avec le CPJ par t\u00e9l\u00e9phone.<\/p>\n<p>S&rsquo;ils sont jug\u00e9s et reconnus coupables, les deux journalistes risquent une peine allant de trois ans ferme\u00a0\u00e0 la peine de mort, selon le code p\u00e9nal. Les procureurs ont \u00e9galement invoqu\u00e9 l&rsquo;article 258, qui oblige les tribunaux \u00e0 prononcer des condamnations \u00e0 mort en cas d&rsquo;outrages \u00e0 la constitution dans des conditions aggravantes, notamment si les infractions pr\u00e9sum\u00e9es ont \u00e9t\u00e9 commises pendant une guerre civile ou avec le soutien d&rsquo;acteurs \u00e9trangers, a d\u00e9clar\u00e9 Gudane.<\/p>\n<p>Les autorit\u00e9s ont arr\u00eat\u00e9 Dessu, r\u00e9dacteur en chef d&rsquo;ONN et animateur de l&rsquo;\u00e9mission \u00ab\u00a0Under the Shadow of Democracy\u00a0\u00bb, et Bikila, reporter et pr\u00e9sentateur, le 18 novembre 2021.<\/p>\n<p>Selon Gudane et d&rsquo;autres sources, les journalistes sont d\u00e9tenus \u00e0 la prison de Daleti, dans la zone sp\u00e9ciale de Finfinne, dans l&rsquo;\u00c9tat r\u00e9gional d&rsquo;Oromia. Les audiences de leur affaire ont \u00e9t\u00e9 ajourn\u00e9es \u00e0 plusieurs reprises et leur prochaine comparution devant le tribunal aura lieu le mardi 3 mai.<\/p>\n<p>\u00ab Apr\u00e8s des mois de d\u00e9tention arbitraire, les charges anti\u00e9tatiques retenues contre les journalistes \u00e9thiopiens potentiellement passibles de la peine de mort, sont scandaleuses \u00bb a d\u00e9clar\u00e9 la coordinatrice du programme Afrique du CPJ, Angela Quintal, \u00e0 New York. \u00ab Dessu et Bikila doivent \u00eatre lib\u00e9r\u00e9s imm\u00e9diatement et sans condition, et ceux qui ont abus\u00e9 du syst\u00e8me judiciaire pour les maintenir derri\u00e8re les barreaux doivent \u00eatre tenus de rendre des comptes \u00bb dit-elle.<\/p>\n<p>Dessu et Bikila sont jug\u00e9s aux c\u00f4t\u00e9s de 15 coaccus\u00e9s. Ils sont soup\u00e7onn\u00e9s d&rsquo;avoir des liens avec le gouvernement national de transition de la r\u00e9gion d&rsquo;Oromia, un organe r\u00e9gional cr\u00e9\u00e9 par les partis d&rsquo;opposition Front de lib\u00e9ration oromo et Congr\u00e8s f\u00e9d\u00e9raliste oromo, selon Gudane.<\/p>\n<p>M. Gudane a d\u00e9clar\u00e9 que l&rsquo;acte d&rsquo;accusation des autorit\u00e9s ne pr\u00e9cise pas exactement les infractions que les accus\u00e9s sont cens\u00e9s avoir commises.<\/p>\n<p>Gudane a d\u00e9clar\u00e9 au CPJ que l&rsquo;acte d&rsquo;accusation ne mentionnait pas le nom de l&rsquo;ONN ou du Front de lib\u00e9ration de l&rsquo;Oromo. Il ajoute que Dessu et Bikila lui avaient dit qu&rsquo;ils ne voyaient pas d&rsquo;autre raison que leur travail journalistique pour justifier leur arrestation.<\/p>\n<p>Les deux journalistes \u00e9taient arr\u00eat\u00e9s lors d&rsquo;une vague de r\u00e9pression qui a suivi la d\u00e9claration de l&rsquo;\u00e9tat d&rsquo;urgence par les autorit\u00e9s fin 2021, selon les rapports du CPJ de l&rsquo;\u00e9poque.<\/p>\n<p>D&rsquo;autres journalistes arr\u00eat\u00e9s \u00e0 l&rsquo;\u00e9poque ont \u00e9t\u00e9 lib\u00e9r\u00e9s entre janvier et avril 2022, et l&rsquo;\u00e9tat d&rsquo;urgence a \u00e9t\u00e9 lev\u00e9 en f\u00e9vrier, mais Dessu et Bikila sont rest\u00e9s derri\u00e8re les barreaux, selon les rapports des m\u00e9dias et les recherches du CPJ.<\/p>\n<p>La police avait d\u00e9j\u00e0 arr\u00eat\u00e9 Bikila en 2019 et l&rsquo;avait d\u00e9tenu pendant des semaines sans inculpation ; les autorit\u00e9s ont d\u00e9tenu Dessu en mars et en septembre 2020, selon les rapports du CPJ.<\/p>\n<p>Cet article <a rel=\"nofollow\" href=\"https:\/\/www.journalducameroun.com\/ethiopie-deux-journalistes-risquent-la-peine-de-mort\/\">\u00c9thiopie : deux journalistes risquent la peine de mort<\/a> est apparu en premier sur <a rel=\"nofollow\" href=\"https:\/\/www.journalducameroun.com\/\">Journal du Cameroun<\/a>.<\/p>\n<\/div>\n<p>Auteur: APA News<br \/>\n<a href=\"https:\/\/www.journalducameroun.com\/ethiopie-deux-journalistes-risquent-la-peine-de-mort\/\">Cliquez ici pour lire l&rsquo;article depuis sa source.<\/a><\/p>\n","protected":false},"excerpt":{"rendered":"<p>Les journalistes Dessu Dulla et Bikila Amenu sont accus\u00e9s \u00ab d&rsquo;outrage \u00e0 la constitution \u00bb.Le Comit\u00e9 pour la protection des journalistes (CPJ) a exhort\u00e9 lundi les autorit\u00e9s \u00e9thiopiennes \u00e0 lib\u00e9rer imm\u00e9diatement les journalistes, Dessu Dulla et Bikila Amenu, \u00e0 abandonner toutes les charges retenues contre eux et \u00e0 cesser de cibler les agents de la [&hellip;]<\/p>\n","protected":false},"author":1965,"featured_media":0,"comment_status":"closed","ping_status":"closed","sticky":false,"template":"","format":"standard","meta":{"fifu_image_url":"https:\/\/www.journalducameroun.com\/wp-content\/uploads\/2022\/05\/16516054831634.jpg","fifu_image_alt":"\u00c9thiopie : deux journalistes risquent la peine de mort","footnotes":""},"categories":[73,82],"tags":[],"class_list":["post-146877","post","type-post","status-publish","format-standard","hentry","category-actualite","category-cameroun"],"_links":{"self":[{"href":"https:\/\/linitiative.ca\/International\/wp-json\/wp\/v2\/posts\/146877","targetHints":{"allow":["GET"]}}],"collection":[{"href":"https:\/\/linitiative.ca\/International\/wp-json\/wp\/v2\/posts"}],"about":[{"href":"https:\/\/linitiative.ca\/International\/wp-json\/wp\/v2\/types\/post"}],"author":[{"embeddable":true,"href":"https:\/\/linitiative.ca\/International\/wp-json\/wp\/v2\/users\/1965"}],"replies":[{"embeddable":true,"href":"https:\/\/linitiative.ca\/International\/wp-json\/wp\/v2\/comments?post=146877"}],"version-history":[{"count":0,"href":"https:\/\/linitiative.ca\/International\/wp-json\/wp\/v2\/posts\/146877\/revisions"}],"wp:attachment":[{"href":"https:\/\/linitiative.ca\/International\/wp-json\/wp\/v2\/media?parent=146877"}],"wp:term":[{"taxonomy":"category","embeddable":true,"href":"https:\/\/linitiative.ca\/International\/wp-json\/wp\/v2\/categories?post=146877"},{"taxonomy":"post_tag","embeddable":true,"href":"https:\/\/linitiative.ca\/International\/wp-json\/wp\/v2\/tags?post=146877"}],"curies":[{"name":"wp","href":"https:\/\/api.w.org\/{rel}","templated":true}]}}