{"id":146879,"date":"2022-05-03T15:56:02","date_gmt":"2022-05-03T19:56:02","guid":{"rendered":"https:\/\/linitiative.ca\/International\/samuel-umtiti-recu-en-audience-par-lambassadeur-du-cameroun-en-france\/"},"modified":"2022-05-03T15:56:02","modified_gmt":"2022-05-03T19:56:02","slug":"samuel-umtiti-recu-en-audience-par-lambassadeur-du-cameroun-en-france","status":"publish","type":"post","link":"https:\/\/linitiative.ca\/International\/samuel-umtiti-recu-en-audience-par-lambassadeur-du-cameroun-en-france\/","title":{"rendered":"Samuel Umtiti re\u00e7u en audience par l\u2019Ambassadeur du Cameroun en France"},"content":{"rendered":"<div>\n<p><img decoding=\"async\" width=\"1024\" height=\"684\" src=\"https:\/\/linitiative.ca\/International\/wp-content\/uploads\/sites\/23\/2022\/05\/lambassaeur-du-Cameroun-en-France-et-Samuel-Umtiti.jpg\" class=\"attachment-post-thumbnail size-post-thumbnail wp-post-image\" alt=\"\" loading=\"lazy\" srcset=\"https:\/\/linitiative.ca\/International\/wp-content\/uploads\/sites\/23\/2022\/05\/lambassaeur-du-Cameroun-en-France-et-Samuel-Umtiti.jpg 1024w, https:\/\/www.journalducameroun.com\/wp-content\/uploads\/2022\/05\/lambassaeur-du-Cameroun-en-France-et-Samuel-Umtiti-300x200.jpg 300w, https:\/\/www.journalducameroun.com\/wp-content\/uploads\/2022\/05\/lambassaeur-du-Cameroun-en-France-et-Samuel-Umtiti-768x513.jpg 768w, https:\/\/www.journalducameroun.com\/wp-content\/uploads\/2022\/05\/lambassaeur-du-Cameroun-en-France-et-Samuel-Umtiti-659x440.jpg 659w, https:\/\/www.journalducameroun.com\/wp-content\/uploads\/2022\/05\/lambassaeur-du-Cameroun-en-France-et-Samuel-Umtiti-600x401.jpg 600w\" sizes=\"auto, (max-width: 1024px) 100vw, 1024px\"><\/p>\n<h2 style=\"text-align: justify;\"><strong>L\u2019international fran\u00e7ais, d\u2019origine camerounaise, veut se rendre au Cameroun afin d&rsquo;investir dans le domaine humanitaire.<\/strong><\/h2>\n<p style=\"text-align: justify;\">Selon une note de l\u2019ambassade du Cameroun en France, son Exc. Andr\u00e9 Magnus Ekoumou a re\u00e7u ce jour, 03 mai 2022, en d\u00e9but d\u2019apr\u00e8s-midi au cours d\u2019une audience exceptionnelle, le footballeur international fran\u00e7ais d\u2019origine camerounaise, Samuel Umtiti.<\/p>\n<p style=\"text-align: justify;\">Le d\u00e9fenseur central des Bleus, champion du monde 2018, avec l\u2019\u00e9quipe de France en Russie, soci\u00e9taire du FC Barcelone, est venu express\u00e9ment rencontre l\u2019ambassadeur du Cameroun en France pour lui faire part, de son projet de se rendre dans son pays natal, \u00e0 la t\u00eate d\u2019une forte d\u00e9l\u00e9gation, dans le but de concr\u00e9tiser ses perspectives humanitaires au profit des populations camerounaises.<\/p>\n<p style=\"text-align: justify;\">Le diplomate camerounais, entour\u00e9\u00a0 pour la circonstance de ses principaux collaborateurs, a rassur\u00e9 Samuel Umtiti et son \u00e9quipe, de tout l\u2019accompagnement bienveillant et diligent de la mission diplomatique et du gouvernement camerounais.<\/p>\n<p style=\"text-align: justify;\">A titre de rappel, Samuel Yves Umtiti est n\u00e9 le 14 novembre 1993 au quartier Melen \u00e0 Yaound\u00e9. Il est arriv\u00e9 en France, gr\u00e2ce \u00e0 sa tante, \u00e0 l\u2019\u00e2ge de deux ans. Il a \u00e9t\u00e9 form\u00e9 \u00e0 l&rsquo;Olympique lyonnais.<\/p>\n<p>Cet article <a rel=\"nofollow\" href=\"https:\/\/www.journalducameroun.com\/samuel-umtiti-recu-en-audience-par-lambassadeur-du-cameroun-en-france\/\">Samuel Umtiti re\u00e7u en audience par l\u2019Ambassadeur du Cameroun en France<\/a> est apparu en premier sur <a rel=\"nofollow\" href=\"https:\/\/www.journalducameroun.com\/\">Journal du Cameroun<\/a>.<\/p>\n<\/div>\n<p>Auteur: Emile Zola Nd\u00e9 Tchoussi<br \/>\n<a href=\"https:\/\/www.journalducameroun.com\/samuel-umtiti-recu-en-audience-par-lambassadeur-du-cameroun-en-france\/\">Cliquez ici pour lire l&rsquo;article depuis sa source.<\/a><\/p>\n","protected":false},"excerpt":{"rendered":"<p>L\u2019international fran\u00e7ais, d\u2019origine camerounaise, veut se rendre au Cameroun afin d&rsquo;investir dans le domaine humanitaire. Selon une note de l\u2019ambassade du Cameroun en France, son Exc. Andr\u00e9 Magnus Ekoumou a re\u00e7u ce jour, 03 mai 2022, en d\u00e9but d\u2019apr\u00e8s-midi au cours d\u2019une audience exceptionnelle, le footballeur international fran\u00e7ais d\u2019origine camerounaise, Samuel Umtiti. Le d\u00e9fenseur central [&hellip;]<\/p>\n","protected":false},"author":1965,"featured_media":0,"comment_status":"closed","ping_status":"closed","sticky":false,"template":"","format":"standard","meta":{"fifu_image_url":"https:\/\/www.journalducameroun.com\/wp-content\/uploads\/2022\/05\/lambassaeur-du-Cameroun-en-France-et-Samuel-Umtiti.jpg","fifu_image_alt":"Samuel Umtiti re\u00e7u en audience par l\u2019Ambassadeur du Cameroun en France","footnotes":""},"categories":[73,82],"tags":[],"class_list":["post-146879","post","type-post","status-publish","format-standard","hentry","category-actualite","category-cameroun"],"_links":{"self":[{"href":"https:\/\/linitiative.ca\/International\/wp-json\/wp\/v2\/posts\/146879","targetHints":{"allow":["GET"]}}],"collection":[{"href":"https:\/\/linitiative.ca\/International\/wp-json\/wp\/v2\/posts"}],"about":[{"href":"https:\/\/linitiative.ca\/International\/wp-json\/wp\/v2\/types\/post"}],"author":[{"embeddable":true,"href":"https:\/\/linitiative.ca\/International\/wp-json\/wp\/v2\/users\/1965"}],"replies":[{"embeddable":true,"href":"https:\/\/linitiative.ca\/International\/wp-json\/wp\/v2\/comments?post=146879"}],"version-history":[{"count":0,"href":"https:\/\/linitiative.ca\/International\/wp-json\/wp\/v2\/posts\/146879\/revisions"}],"wp:attachment":[{"href":"https:\/\/linitiative.ca\/International\/wp-json\/wp\/v2\/media?parent=146879"}],"wp:term":[{"taxonomy":"category","embeddable":true,"href":"https:\/\/linitiative.ca\/International\/wp-json\/wp\/v2\/categories?post=146879"},{"taxonomy":"post_tag","embeddable":true,"href":"https:\/\/linitiative.ca\/International\/wp-json\/wp\/v2\/tags?post=146879"}],"curies":[{"name":"wp","href":"https:\/\/api.w.org\/{rel}","templated":true}]}}