{"id":146882,"date":"2022-05-03T04:04:33","date_gmt":"2022-05-03T08:04:33","guid":{"rendered":"https:\/\/linitiative.ca\/International\/malgre-un-benefice-de-11-milliard-en-2021-la-regionale-ne-distribuera-pas-de-dividendes-a-ses-actionnaires\/"},"modified":"2022-05-03T04:04:33","modified_gmt":"2022-05-03T08:04:33","slug":"malgre-un-benefice-de-11-milliard-en-2021-la-regionale-ne-distribuera-pas-de-dividendes-a-ses-actionnaires","status":"publish","type":"post","link":"https:\/\/linitiative.ca\/International\/malgre-un-benefice-de-11-milliard-en-2021-la-regionale-ne-distribuera-pas-de-dividendes-a-ses-actionnaires\/","title":{"rendered":"Malgr\u00e9 un b\u00e9n\u00e9fice de 1,1 milliard en 2021, La R\u00e9gionale ne distribuera pas de dividendes \u00e0 ses actionnaires"},"content":{"rendered":"<div>\n<p>Les actionnaires de La R\u00e9gionale vont certainement arborer un rire jaune en apprenant la nouvelle. Pour la 7<sup>e<\/sup>\u00a0ann\u00e9e cons\u00e9cutive, l\u2019\u00e9tablissement de microfinance ne distribuera pas de dividende malgr\u00e9 un r\u00e9sultat net en l\u00e9g\u00e8re augmentation.<\/p>\n<p>Les \u00e9tats financiers (encore non certifi\u00e9s)\u00a0de la microfinance clos au 31 d\u00e9cembre 2021 pr\u00e9sentent un r\u00e9sultat net de 1, 112 milliard de FCFA ce qui correspond \u00e0 une hausse de pr\u00e8s de 10% par rapport aux 1,012 milliard de l\u2019ann\u00e9e derni\u00e8re. C\u2019est une performance somme toute en dessous des 1,5 milliards enregistr\u00e9s au cours des exercices 2018 et 2019. Convoqu\u00e9s en assembl\u00e9e g\u00e9n\u00e9rale ordinaire le 24 mai prochain, les actionnaires doivent approuver ou non ces chiffres et d\u00e9cider de leur affectation. Le rapport de gestion du conseil d\u2019administration propose \u00e0 cet effet d\u2019affecter 15% des b\u00e9n\u00e9fices en r\u00e9serve r\u00e8glementaire, 10% en r\u00e9serve l\u00e9gale et le reste (759,4 millions de FCFA) en report \u00e0 nouveau. Le conseil d\u2019administration explique que ce choix s\u2019inscrit en droite ligne de\u00a0la d\u00e9cision de la Cobac N\u00b0 D2020\/104 portant mesures d\u2019adaptation de la r\u00e9glementation prudentielle applicable aux \u00e9tablissements assujettis de la Cobac. En effet, avec l\u2019av\u00e8nement de la pand\u00e9mie du coronavirus, le gendarme du secteur bancaire avait d\u00e9cid\u00e9 de d\u00e9roger temporairement \u00e0 certaines exigences en vue d\u2019att\u00e9nuer l\u2019impact de la crise sur les banques et les microfinances de la Cemac.\u00a0L\u2019article 9 du texte pr\u00e9cise que \u00ab\u00a0les \u00e9tablissements assujettis s\u2019abstiennent de distribuer les dividendes au titre des exercices 2020 et 2021, afin de renforcer leurs fonds propres pour conserver leur capacit\u00e9 \u00e0 financer l\u2019\u00e9conomie r\u00e9elle et\/ou absorber les pertes \u00e0 venir\u00a0\u00bb.<\/p>\n<p><strong>Lire aussi : <a href=\"https:\/\/ecomatin.net\/bvmac-la-regionale-e-capte-3-millions-de-fcfa-de-transactions-en-un-jour\/\">Bvmac : la R\u00e9gionale capte 3 millions de FCFA de transactions en un jour<\/a><\/strong><\/p>\n<p>Pour les nouveaux actionnaires, qui sont rentr\u00e9s dans le capital \u00e0 la faveur de l\u2019appel public \u00e0 l\u2019\u00e9pargne lanc\u00e9 par la microfinance, ce n\u2019est pas forc\u00e9ment une bonne nouvelle\u00a0; ce d\u2019autant plus que Rollin Ombang Ekath, l\u2019Administrateur Directeur G\u00e9n\u00e9ral de la Microfinance leur promettait des dividendes rapides.<\/p>\n<p>Malgr\u00e9 tout, La R\u00e9gionale reste sur une bonne dynamique\u00a0avec un total bilan en croissance permanente. \u00c0 fin 2021, il s\u2019est \u00e9tabli \u00e0 35,2 milliards de FCFA en hausse de 18% par rapport \u00e0 2020.\u00a0Cette performance a \u00e9t\u00e9 soutenue, au niveau des actifs, par les cr\u00e9dits \u00e0 la client\u00e8le et la tr\u00e9sorerie qui repr\u00e9sentent respectivement 48,5% et 40,6% du total actif. Malgr\u00e9 l\u2019augmentation des capitaux propres d\u00e9sormais \u00e9tablis \u00e0 12,013 milliards, le total passif reste soutenu par l\u2019encours des d\u00e9p\u00f4ts qui est pass\u00e9 \u00e0 20 milliards (contre 18,5 milliards) un an plus t\u00f4t, repr\u00e9sentant d\u00e9sormais pr\u00e8s de 57% du passif.<\/p>\n<p><strong>Non distribution du dividende\u00a0: bonne ou mauvaise nouvelle\u00a0?<\/strong><strong><\/strong><\/p>\n<p>9 mois apr\u00e8s\u00a0son inscription \u00e0 la cote de la bourse, le titre La R\u00e9gionale se porte plut\u00f4t bien sur un march\u00e9 basique et peu liquide comme celui de la Bvmac. \u00c0 la cl\u00f4ture de la s\u00e9ance de cotation du lundi 27 avril dernier, l\u2019action a \u00e9t\u00e9 valoris\u00e9e de 3,4%, pour s\u2019\u00e9tablir \u00e0 45 000F soit une hausse globale de 6,9%. Il faudra cependant scruter avec attention le comportement des investisseurs du march\u00e9 suite \u00e0 cette d\u00e9cision de la microfinance. La Bvmac \u00e9tant un march\u00e9 encore embryonnaire o\u00f9 les investisseurs sont friands de dividendes, il pourrait s\u2019en suivre des cessions massives. Mais tout investisseur averti misera sans doute sur la dur\u00e9e et la valorisation du titre. Car en r\u00e9investissant ses b\u00e9n\u00e9fices, l\u2019entreprise veut renforcer sa position sur le march\u00e9\u00a0; ce qui sera profitable aux actionnaires sur la dur\u00e9e.\u00a0A titre d\u2019exemple, l\u2019abstention de verser des dividendes\u00a0par Microsoft a permis \u00e0 l\u2019entreprise de faire cro\u00eetre de plus de 1000% la valeur de son action en 10 ans.<\/p>\n<p><strong>Lire aussi : <a href=\"https:\/\/ecomatin.net\/apres-son-entree-en-bourse-la-regionale-augmente-de-15-son-encours-de-credit\/\">Apr\u00e8s son entr\u00e9e en bourse, la R\u00e9gionale augmente de 15% son encours de cr\u00e9dit<\/a><\/strong><\/p>\n<p>Une \u00e9cole de pens\u00e9e estime m\u00eame que le versement des dividendes entra\u00eene une destruction de la valeur du titre. \u00ab\u00a0Distribuer des dividendes revient \u00e0 pr\u00e9lever une partie du r\u00e9sultat net, composante des fonds propres. Ensuite, fondamentalement, la capitalisation boursi\u00e8re de l\u2019entreprise, c\u2019est la valeur de march\u00e9 de l\u2019ensemble des fonds propres de l\u2019entreprise. Ainsi, il est logique que l\u2019action baisse \u00e0 la hauteur du montant du dividende puisque ce dernier repr\u00e9sente des liquidit\u00e9s qui \u00e9taient pris en compte dans la valorisation de l\u2019entreprise\u00a0\u00bb temp\u00eate un expert.<\/p>\n<p><strong>Lire aussi : <a href=\"https:\/\/ecomatin.net\/la-regionale-s-a-les-lecons-dune-cotation-en-bourse\/\">La R\u00e9gionale S.A : les le\u00e7ons d\u2019une cotation en bourse<\/a><\/strong><\/p>\n<p>L\u2019article <a rel=\"nofollow\" href=\"https:\/\/ecomatin.net\/malgre-un-benefice-de-11-milliard-en-2021-la-regionale-ne-distribuera-pas-s-de-dividendes-a-ses-actionnaires\/\">&lt;strong&gt;Malgr\u00e9 un b\u00e9n\u00e9fice de 1,1 milliard en 2021, La R\u00e9gionale ne distribuera pas de dividendes \u00e0 ses actionnaires&lt;\/strong&gt;<\/a> est apparu en premier sur <a rel=\"nofollow\" href=\"https:\/\/ecomatin.net\/\">EcoMatin<\/a>.<\/p>\n<\/div>\n<p>Auteur: Cedrick JIONGO<br \/>\n<a href=\"https:\/\/ecomatin.net\/malgre-un-benefice-de-11-milliard-en-2021-la-regionale-ne-distribuera-pas-s-de-dividendes-a-ses-actionnaires\/\">Cliquez ici pour lire l&rsquo;article depuis sa source.<\/a><\/p>\n","protected":false},"excerpt":{"rendered":"<p>Les actionnaires de La R\u00e9gionale vont certainement arborer un rire jaune en apprenant la nouvelle. Pour la 7e\u00a0ann\u00e9e cons\u00e9cutive, l\u2019\u00e9tablissement de microfinance ne distribuera pas de dividende malgr\u00e9 un r\u00e9sultat net en l\u00e9g\u00e8re augmentation. Les \u00e9tats financiers (encore non certifi\u00e9s)\u00a0de la microfinance clos au 31 d\u00e9cembre 2021 pr\u00e9sentent un r\u00e9sultat net de 1, 112 milliard [&hellip;]<\/p>\n","protected":false},"author":1969,"featured_media":0,"comment_status":"closed","ping_status":"closed","sticky":false,"template":"","format":"standard","meta":{"fifu_image_url":"","fifu_image_alt":"","footnotes":""},"categories":[82,78],"tags":[],"class_list":["post-146882","post","type-post","status-publish","format-standard","hentry","category-cameroun","category-economie"],"_links":{"self":[{"href":"https:\/\/linitiative.ca\/International\/wp-json\/wp\/v2\/posts\/146882","targetHints":{"allow":["GET"]}}],"collection":[{"href":"https:\/\/linitiative.ca\/International\/wp-json\/wp\/v2\/posts"}],"about":[{"href":"https:\/\/linitiative.ca\/International\/wp-json\/wp\/v2\/types\/post"}],"author":[{"embeddable":true,"href":"https:\/\/linitiative.ca\/International\/wp-json\/wp\/v2\/users\/1969"}],"replies":[{"embeddable":true,"href":"https:\/\/linitiative.ca\/International\/wp-json\/wp\/v2\/comments?post=146882"}],"version-history":[{"count":0,"href":"https:\/\/linitiative.ca\/International\/wp-json\/wp\/v2\/posts\/146882\/revisions"}],"wp:attachment":[{"href":"https:\/\/linitiative.ca\/International\/wp-json\/wp\/v2\/media?parent=146882"}],"wp:term":[{"taxonomy":"category","embeddable":true,"href":"https:\/\/linitiative.ca\/International\/wp-json\/wp\/v2\/categories?post=146882"},{"taxonomy":"post_tag","embeddable":true,"href":"https:\/\/linitiative.ca\/International\/wp-json\/wp\/v2\/tags?post=146882"}],"curies":[{"name":"wp","href":"https:\/\/api.w.org\/{rel}","templated":true}]}}