{"id":146910,"date":"2022-05-04T07:01:00","date_gmt":"2022-05-04T11:01:00","guid":{"rendered":"https:\/\/linitiative.ca\/International\/mgladbach-bensebaini-annonce-proche-de-ce-club-pour-cet-ete\/"},"modified":"2022-05-04T07:01:00","modified_gmt":"2022-05-04T11:01:00","slug":"mgladbach-bensebaini-annonce-proche-de-ce-club-pour-cet-ete","status":"publish","type":"post","link":"https:\/\/linitiative.ca\/International\/mgladbach-bensebaini-annonce-proche-de-ce-club-pour-cet-ete\/","title":{"rendered":"M&rsquo;Gladbach : Bensebaini annonc\u00e9 proche de ce club pour cet \u00e9t\u00e9"},"content":{"rendered":"<div>En fin de contrat au Borussia M\u00f6nchengladbach en 2023, Ramy Bensebaini est tout proche de signer dans un nouveau club d\u00e9voile la presse allemande<\/div>\n<p>Auteur:<br \/>\n<a href=\"https:\/\/www.lebuteur.com\/article\/detail?titre=mgladbach-bensebaini-annonce-proche-de-ce-club-pour-cet-ete&#038;id=102820\">Cliquez ici pour lire l&rsquo;article depuis sa source.<\/a><\/p>\n","protected":false},"excerpt":{"rendered":"<p>En fin de contrat au Borussia M\u00f6nchengladbach en 2023, Ramy Bensebaini est tout proche de signer dans un nouveau club d\u00e9voile la presse allemande Auteur: Cliquez ici pour lire l&rsquo;article depuis sa source.<\/p>\n","protected":false},"author":1738,"featured_media":0,"comment_status":"closed","ping_status":"closed","sticky":false,"template":"","format":"standard","meta":{"fifu_image_url":"","fifu_image_alt":"","footnotes":""},"categories":[53,75],"tags":[],"class_list":["post-146910","post","type-post","status-publish","format-standard","hentry","category-algerie","category-sport"],"_links":{"self":[{"href":"https:\/\/linitiative.ca\/International\/wp-json\/wp\/v2\/posts\/146910","targetHints":{"allow":["GET"]}}],"collection":[{"href":"https:\/\/linitiative.ca\/International\/wp-json\/wp\/v2\/posts"}],"about":[{"href":"https:\/\/linitiative.ca\/International\/wp-json\/wp\/v2\/types\/post"}],"author":[{"embeddable":true,"href":"https:\/\/linitiative.ca\/International\/wp-json\/wp\/v2\/users\/1738"}],"replies":[{"embeddable":true,"href":"https:\/\/linitiative.ca\/International\/wp-json\/wp\/v2\/comments?post=146910"}],"version-history":[{"count":0,"href":"https:\/\/linitiative.ca\/International\/wp-json\/wp\/v2\/posts\/146910\/revisions"}],"wp:attachment":[{"href":"https:\/\/linitiative.ca\/International\/wp-json\/wp\/v2\/media?parent=146910"}],"wp:term":[{"taxonomy":"category","embeddable":true,"href":"https:\/\/linitiative.ca\/International\/wp-json\/wp\/v2\/categories?post=146910"},{"taxonomy":"post_tag","embeddable":true,"href":"https:\/\/linitiative.ca\/International\/wp-json\/wp\/v2\/tags?post=146910"}],"curies":[{"name":"wp","href":"https:\/\/api.w.org\/{rel}","templated":true}]}}