{"id":146911,"date":"2022-05-04T08:52:00","date_gmt":"2022-05-04T12:52:00","guid":{"rendered":"https:\/\/linitiative.ca\/International\/algerie-cameroun-des-supporters-algeriens-manifestent-devant-le-siege-de-la-fifa\/"},"modified":"2022-05-04T08:52:00","modified_gmt":"2022-05-04T12:52:00","slug":"algerie-cameroun-des-supporters-algeriens-manifestent-devant-le-siege-de-la-fifa","status":"publish","type":"post","link":"https:\/\/linitiative.ca\/International\/algerie-cameroun-des-supporters-algeriens-manifestent-devant-le-siege-de-la-fifa\/","title":{"rendered":"Alg\u00e9rie-Cameroun : Des supporters alg\u00e9riens manifestent devant le si\u00e8ge de la FIFA"},"content":{"rendered":"<div>Le match Alg\u00e9rie-Cameroun continue de faire parler&#8230;<\/div>\n<p>Auteur:<br \/>\n<a href=\"https:\/\/www.lebuteur.com\/article\/detail?titre=algerie-cameroun-des-supporters-algeriens-manifestent-devant-le-siege-de-la-fifa&#038;id=102821\">Cliquez ici pour lire l&rsquo;article depuis sa source.<\/a><\/p>\n","protected":false},"excerpt":{"rendered":"<p>Le match Alg\u00e9rie-Cameroun continue de faire parler&#8230; Auteur: Cliquez ici pour lire l&rsquo;article depuis sa source.<\/p>\n","protected":false},"author":1738,"featured_media":0,"comment_status":"closed","ping_status":"closed","sticky":false,"template":"","format":"standard","meta":{"fifu_image_url":"","fifu_image_alt":"","footnotes":""},"categories":[53,75],"tags":[],"class_list":["post-146911","post","type-post","status-publish","format-standard","hentry","category-algerie","category-sport"],"_links":{"self":[{"href":"https:\/\/linitiative.ca\/International\/wp-json\/wp\/v2\/posts\/146911","targetHints":{"allow":["GET"]}}],"collection":[{"href":"https:\/\/linitiative.ca\/International\/wp-json\/wp\/v2\/posts"}],"about":[{"href":"https:\/\/linitiative.ca\/International\/wp-json\/wp\/v2\/types\/post"}],"author":[{"embeddable":true,"href":"https:\/\/linitiative.ca\/International\/wp-json\/wp\/v2\/users\/1738"}],"replies":[{"embeddable":true,"href":"https:\/\/linitiative.ca\/International\/wp-json\/wp\/v2\/comments?post=146911"}],"version-history":[{"count":0,"href":"https:\/\/linitiative.ca\/International\/wp-json\/wp\/v2\/posts\/146911\/revisions"}],"wp:attachment":[{"href":"https:\/\/linitiative.ca\/International\/wp-json\/wp\/v2\/media?parent=146911"}],"wp:term":[{"taxonomy":"category","embeddable":true,"href":"https:\/\/linitiative.ca\/International\/wp-json\/wp\/v2\/categories?post=146911"},{"taxonomy":"post_tag","embeddable":true,"href":"https:\/\/linitiative.ca\/International\/wp-json\/wp\/v2\/tags?post=146911"}],"curies":[{"name":"wp","href":"https:\/\/api.w.org\/{rel}","templated":true}]}}