{"id":146912,"date":"2022-05-04T12:39:00","date_gmt":"2022-05-04T16:39:00","guid":{"rendered":"https:\/\/linitiative.ca\/International\/les-revelations-de-mahrez-sur-lelimination-face-au-cameroun\/"},"modified":"2022-05-04T12:39:00","modified_gmt":"2022-05-04T16:39:00","slug":"les-revelations-de-mahrez-sur-lelimination-face-au-cameroun","status":"publish","type":"post","link":"https:\/\/linitiative.ca\/International\/les-revelations-de-mahrez-sur-lelimination-face-au-cameroun\/","title":{"rendered":"Les r\u00e9v\u00e9lations de Mahrez sur l&rsquo;\u00e9limination face au Cameroun"},"content":{"rendered":"<div>Je suis \u00e9videmment tr\u00e8s d\u00e9\u00e7u de ne pas aller \u00e0 la Coupe du monde avec mon pays&#8230;<\/div>\n<p>Auteur:<br \/>\n<a href=\"https:\/\/www.lebuteur.com\/article\/detail?titre=les-revelations-de-mahrez-sur-lelimination-face-au-cameroun&#038;id=102822\">Cliquez ici pour lire l&rsquo;article depuis sa source.<\/a><\/p>\n","protected":false},"excerpt":{"rendered":"<p>Je suis \u00e9videmment tr\u00e8s d\u00e9\u00e7u de ne pas aller \u00e0 la Coupe du monde avec mon pays&#8230; Auteur: Cliquez ici pour lire l&rsquo;article depuis sa source.<\/p>\n","protected":false},"author":1738,"featured_media":0,"comment_status":"closed","ping_status":"closed","sticky":false,"template":"","format":"standard","meta":{"fifu_image_url":"","fifu_image_alt":"","footnotes":""},"categories":[53,75],"tags":[],"class_list":["post-146912","post","type-post","status-publish","format-standard","hentry","category-algerie","category-sport"],"_links":{"self":[{"href":"https:\/\/linitiative.ca\/International\/wp-json\/wp\/v2\/posts\/146912","targetHints":{"allow":["GET"]}}],"collection":[{"href":"https:\/\/linitiative.ca\/International\/wp-json\/wp\/v2\/posts"}],"about":[{"href":"https:\/\/linitiative.ca\/International\/wp-json\/wp\/v2\/types\/post"}],"author":[{"embeddable":true,"href":"https:\/\/linitiative.ca\/International\/wp-json\/wp\/v2\/users\/1738"}],"replies":[{"embeddable":true,"href":"https:\/\/linitiative.ca\/International\/wp-json\/wp\/v2\/comments?post=146912"}],"version-history":[{"count":0,"href":"https:\/\/linitiative.ca\/International\/wp-json\/wp\/v2\/posts\/146912\/revisions"}],"wp:attachment":[{"href":"https:\/\/linitiative.ca\/International\/wp-json\/wp\/v2\/media?parent=146912"}],"wp:term":[{"taxonomy":"category","embeddable":true,"href":"https:\/\/linitiative.ca\/International\/wp-json\/wp\/v2\/categories?post=146912"},{"taxonomy":"post_tag","embeddable":true,"href":"https:\/\/linitiative.ca\/International\/wp-json\/wp\/v2\/tags?post=146912"}],"curies":[{"name":"wp","href":"https:\/\/api.w.org\/{rel}","templated":true}]}}