{"id":146915,"date":"2022-05-04T04:54:00","date_gmt":"2022-05-04T08:54:00","guid":{"rendered":"https:\/\/linitiative.ca\/International\/la-palestine-le-conseil-detat-francais-et-les-etudiants-de-luniversite-harvard\/"},"modified":"2022-05-04T04:54:00","modified_gmt":"2022-05-04T08:54:00","slug":"la-palestine-le-conseil-detat-francais-et-les-etudiants-de-luniversite-harvard","status":"publish","type":"post","link":"https:\/\/linitiative.ca\/International\/la-palestine-le-conseil-detat-francais-et-les-etudiants-de-luniversite-harvard\/","title":{"rendered":"La Palestine, le conseil d\u2019\u00e9tat fran\u00e7ais et les \u00e9tudiants de l\u2019universit\u00e9 Harvard"},"content":{"rendered":"<div><img decoding=\"async\" src=\"https:\/\/linitiative.ca\/International\/wp-content\/uploads\/sites\/23\/2022\/05\/1651652529_article.jpg\" alt=\"La Palestine, le conseil d\u2019\u00e9tat fran\u00e7ais et les \u00e9tudiants de l\u2019universit\u00e9 Harvard\" align=\"left\">Par Mohamed Larbi Bouguerra &#8211; Peu avant les \u00e9lections pr\u00e9sidentielles d\u2019avril, M. G\u00e9rard Darmanin, ministre de l\u2019Int\u00e9rieur, avait pris un d\u00e9cret de dissolution de deux ONG pro palestiniennes: \u00abPalestine Vaincra\u00bb et \u00abComit\u00e9 Action Palestine\u00bb.\u00a0<br \/>\nLes libert\u00e9s d\u2019expression et d\u2019association sont intouchables<br \/>\nLa suspension de ces deux ONG vient d\u2019\u00eatre retoqu\u00e9e par le Conseil d\u2019Etat qui juge que le d\u00e9cret du ministre de l\u2019Int\u00e9rieur \u00abn\u2019est ni n\u00e9cessaire, ni adapt\u00e9 et porte une atteinte disproportionn\u00e9e \u00e0 la libert\u00e9 d\u2019expression et \u00e0 la libert\u00e9 d\u2019association\u00bb. La haute juridiction estime que les prises de position des deux organismes ne constituent pas &#8230;<\/p>\n<\/div>\n<p>Auteur:<br \/>\n<a href=\"https:\/\/www.leaders.com.tn\/article\/33295-la-palestine-le-conseil-d-etat-francais-et-les-etudiants-de-l-universite-harvard\">Cliquez ici pour lire l&rsquo;article depuis sa source.<\/a><\/p>\n","protected":false},"excerpt":{"rendered":"<p>Par Mohamed Larbi Bouguerra &#8211; Peu avant les \u00e9lections pr\u00e9sidentielles d\u2019avril, M. G\u00e9rard Darmanin, ministre de l\u2019Int\u00e9rieur, avait pris un d\u00e9cret de dissolution de deux ONG pro palestiniennes: \u00abPalestine Vaincra\u00bb et \u00abComit\u00e9 Action Palestine\u00bb.\u00a0 Les libert\u00e9s d\u2019expression et d\u2019association sont intouchables La suspension de ces deux ONG vient d\u2019\u00eatre retoqu\u00e9e par le Conseil d\u2019Etat qui [&hellip;]<\/p>\n","protected":false},"author":1772,"featured_media":0,"comment_status":"closed","ping_status":"closed","sticky":false,"template":"","format":"standard","meta":{"fifu_image_url":"http:\/\/www.leaders.com.tn\/uploads\/content\/thumbnails_small\/1651652529_article.jpg","fifu_image_alt":"La Palestine, le conseil d\u2019\u00e9tat fran\u00e7ais et les \u00e9tudiants de l\u2019universit\u00e9 Harvard","footnotes":""},"categories":[73,55],"tags":[],"class_list":["post-146915","post","type-post","status-publish","format-standard","hentry","category-actualite","category-tunisie"],"_links":{"self":[{"href":"https:\/\/linitiative.ca\/International\/wp-json\/wp\/v2\/posts\/146915","targetHints":{"allow":["GET"]}}],"collection":[{"href":"https:\/\/linitiative.ca\/International\/wp-json\/wp\/v2\/posts"}],"about":[{"href":"https:\/\/linitiative.ca\/International\/wp-json\/wp\/v2\/types\/post"}],"author":[{"embeddable":true,"href":"https:\/\/linitiative.ca\/International\/wp-json\/wp\/v2\/users\/1772"}],"replies":[{"embeddable":true,"href":"https:\/\/linitiative.ca\/International\/wp-json\/wp\/v2\/comments?post=146915"}],"version-history":[{"count":0,"href":"https:\/\/linitiative.ca\/International\/wp-json\/wp\/v2\/posts\/146915\/revisions"}],"wp:attachment":[{"href":"https:\/\/linitiative.ca\/International\/wp-json\/wp\/v2\/media?parent=146915"}],"wp:term":[{"taxonomy":"category","embeddable":true,"href":"https:\/\/linitiative.ca\/International\/wp-json\/wp\/v2\/categories?post=146915"},{"taxonomy":"post_tag","embeddable":true,"href":"https:\/\/linitiative.ca\/International\/wp-json\/wp\/v2\/tags?post=146915"}],"curies":[{"name":"wp","href":"https:\/\/api.w.org\/{rel}","templated":true}]}}