{"id":146917,"date":"2022-05-04T05:41:00","date_gmt":"2022-05-04T09:41:00","guid":{"rendered":"https:\/\/linitiative.ca\/International\/lecon-inaugurale-de-yadh-ben-achour-au-college-de-france-la-revolution-une-esperance\/"},"modified":"2022-05-04T05:41:00","modified_gmt":"2022-05-04T09:41:00","slug":"lecon-inaugurale-de-yadh-ben-achour-au-college-de-france-la-revolution-une-esperance","status":"publish","type":"post","link":"https:\/\/linitiative.ca\/International\/lecon-inaugurale-de-yadh-ben-achour-au-college-de-france-la-revolution-une-esperance\/","title":{"rendered":"Le\u00e7on inaugurale de Yadh Ben Achour au Coll\u00e8ge de France : La r\u00e9volution, une esp\u00e9rance"},"content":{"rendered":"<div><img decoding=\"async\" src=\"https:\/\/linitiative.ca\/International\/wp-content\/uploads\/sites\/23\/2022\/05\/1651654074_article.jpg\" alt=\"Le\u00e7on inaugurale de Yadh Ben Achour au Coll\u00e8ge de France : La r\u00e9volution, une esp\u00e9rance\" align=\"left\">Prononc\u00e9e au Coll\u00e8ge de France \u00e0 Paris, le 4 novembre 2021, la le\u00e7on inaugurale du professeur Yadh Ben Achour, vient para\u00eetre aux Editions Fayard. Sous l\u2019intitul\u00e9 \u00abLa r\u00e9volution, une esp\u00e9rance\u00bb, il \u00e9tudie \u00abl\u2019ambigu\u00eft\u00e9 de son d\u00e9roulement dans le contexte r\u00e9cent des r\u00e9volutions arabes\u00bb. Ben Achour a tout d\u2019abord rappel\u00e9 son cadre historique \u00abau regard de la th\u00e9ologie politique islamique classique et sous l\u2019angle de l\u2019anthropologie historique.\u00bb<\/p>\n<p>Professeur invit\u00e9 au Coll\u00e8ge de France sur la chaire annuelle Mondes Francophone (2019 \u2013 2020), Yadh Ben Achour devait s\u2019acquitter, en premier cours, de cet exercice tant suivi de Le\u00e7on inaugurale, &#8230;<\/p>\n<\/div>\n<p>Auteur:<br \/>\n<a href=\"https:\/\/www.leaders.com.tn\/article\/33297-lecon-inaugurale-de-yadh-ben-achour-au-college-de-france-la-revolution-une-esperance\">Cliquez ici pour lire l&rsquo;article depuis sa source.<\/a><\/p>\n","protected":false},"excerpt":{"rendered":"<p>Prononc\u00e9e au Coll\u00e8ge de France \u00e0 Paris, le 4 novembre 2021, la le\u00e7on inaugurale du professeur Yadh Ben Achour, vient para\u00eetre aux Editions Fayard. Sous l\u2019intitul\u00e9 \u00abLa r\u00e9volution, une esp\u00e9rance\u00bb, il \u00e9tudie \u00abl\u2019ambigu\u00eft\u00e9 de son d\u00e9roulement dans le contexte r\u00e9cent des r\u00e9volutions arabes\u00bb. Ben Achour a tout d\u2019abord rappel\u00e9 son cadre historique \u00abau regard de [&hellip;]<\/p>\n","protected":false},"author":1772,"featured_media":0,"comment_status":"closed","ping_status":"closed","sticky":false,"template":"","format":"standard","meta":{"fifu_image_url":"http:\/\/www.leaders.com.tn\/uploads\/content\/thumbnails_small\/1651654074_article.jpg","fifu_image_alt":"Le\u00e7on inaugurale de Yadh Ben Achour au Coll\u00e8ge de France : La r\u00e9volution, une esp\u00e9rance","footnotes":""},"categories":[73,55],"tags":[],"class_list":["post-146917","post","type-post","status-publish","format-standard","hentry","category-actualite","category-tunisie"],"_links":{"self":[{"href":"https:\/\/linitiative.ca\/International\/wp-json\/wp\/v2\/posts\/146917","targetHints":{"allow":["GET"]}}],"collection":[{"href":"https:\/\/linitiative.ca\/International\/wp-json\/wp\/v2\/posts"}],"about":[{"href":"https:\/\/linitiative.ca\/International\/wp-json\/wp\/v2\/types\/post"}],"author":[{"embeddable":true,"href":"https:\/\/linitiative.ca\/International\/wp-json\/wp\/v2\/users\/1772"}],"replies":[{"embeddable":true,"href":"https:\/\/linitiative.ca\/International\/wp-json\/wp\/v2\/comments?post=146917"}],"version-history":[{"count":0,"href":"https:\/\/linitiative.ca\/International\/wp-json\/wp\/v2\/posts\/146917\/revisions"}],"wp:attachment":[{"href":"https:\/\/linitiative.ca\/International\/wp-json\/wp\/v2\/media?parent=146917"}],"wp:term":[{"taxonomy":"category","embeddable":true,"href":"https:\/\/linitiative.ca\/International\/wp-json\/wp\/v2\/categories?post=146917"},{"taxonomy":"post_tag","embeddable":true,"href":"https:\/\/linitiative.ca\/International\/wp-json\/wp\/v2\/tags?post=146917"}],"curies":[{"name":"wp","href":"https:\/\/api.w.org\/{rel}","templated":true}]}}