{"id":146919,"date":"2022-05-04T07:15:00","date_gmt":"2022-05-04T11:15:00","guid":{"rendered":"https:\/\/linitiative.ca\/International\/decarboner-cest-repenser-nos-institutions-democratiques-et-notre-contrat-social\/"},"modified":"2022-05-04T07:15:00","modified_gmt":"2022-05-04T11:15:00","slug":"decarboner-cest-repenser-nos-institutions-democratiques-et-notre-contrat-social","status":"publish","type":"post","link":"https:\/\/linitiative.ca\/International\/decarboner-cest-repenser-nos-institutions-democratiques-et-notre-contrat-social\/","title":{"rendered":"D\u00e9carboner : c\u2019est repenser nos institutions d\u00e9mocratiques et notre contrat social"},"content":{"rendered":"<div><img decoding=\"async\" src=\"https:\/\/linitiative.ca\/International\/wp-content\/uploads\/sites\/23\/2022\/05\/1651659540_article.jpg\" alt=\"D\u00e9carboner : c\u2019est repenser nos institutions d\u00e9mocratiques et notre contrat social\" align=\"left\">Par Pr Samir Allal<br \/>\nL\u2019urgence \u00e9cologique et climatique est le grand absent des d\u00e9bats politiques<br \/>\nLa crise climatique reste trop souvent pr\u00e9sent\u00e9e comme un probl\u00e8me qui appelle des r\u00e9ponses techniciennes, alors que ce sujet est fondamentalement politique et devrait \u00eatre l\u2019objet d\u2019une n\u00e9gociation du pacte social. L\u2019urgence \u00e9cologique et climatique est le grand absent des d\u00e9batspolitiques. M\u00eame si la guerre en Ukraine a raviv\u00e9 le sujet de la sortie de la d\u00e9pendance aux hydrocarbures, la vision court-termiste favoris\u00e9e par l&rsquo;actualit\u00e9 g\u00e9opolitique et la puissance des lobbys, tire encore de confortables rentes du mod\u00e8le techno-marchand et incite \u00e0 l&rsquo;immobilisme en &#8230;<\/p>\n<\/div>\n<p>Auteur:<br \/>\n<a href=\"https:\/\/www.leaders.com.tn\/article\/33299-decarboner-c-est-repenser-nos-institutions-democratiques-et-notre-contrat-social\">Cliquez ici pour lire l&rsquo;article depuis sa source.<\/a><\/p>\n","protected":false},"excerpt":{"rendered":"<p>Par Pr Samir Allal L\u2019urgence \u00e9cologique et climatique est le grand absent des d\u00e9bats politiques La crise climatique reste trop souvent pr\u00e9sent\u00e9e comme un probl\u00e8me qui appelle des r\u00e9ponses techniciennes, alors que ce sujet est fondamentalement politique et devrait \u00eatre l\u2019objet d\u2019une n\u00e9gociation du pacte social. L\u2019urgence \u00e9cologique et climatique est le grand absent des [&hellip;]<\/p>\n","protected":false},"author":1772,"featured_media":0,"comment_status":"closed","ping_status":"closed","sticky":false,"template":"","format":"standard","meta":{"fifu_image_url":"http:\/\/www.leaders.com.tn\/uploads\/content\/thumbnails_small\/1651659540_article.jpg","fifu_image_alt":"D\u00e9carboner : c\u2019est repenser nos institutions d\u00e9mocratiques et notre contrat social","footnotes":""},"categories":[73,55],"tags":[],"class_list":["post-146919","post","type-post","status-publish","format-standard","hentry","category-actualite","category-tunisie"],"_links":{"self":[{"href":"https:\/\/linitiative.ca\/International\/wp-json\/wp\/v2\/posts\/146919","targetHints":{"allow":["GET"]}}],"collection":[{"href":"https:\/\/linitiative.ca\/International\/wp-json\/wp\/v2\/posts"}],"about":[{"href":"https:\/\/linitiative.ca\/International\/wp-json\/wp\/v2\/types\/post"}],"author":[{"embeddable":true,"href":"https:\/\/linitiative.ca\/International\/wp-json\/wp\/v2\/users\/1772"}],"replies":[{"embeddable":true,"href":"https:\/\/linitiative.ca\/International\/wp-json\/wp\/v2\/comments?post=146919"}],"version-history":[{"count":0,"href":"https:\/\/linitiative.ca\/International\/wp-json\/wp\/v2\/posts\/146919\/revisions"}],"wp:attachment":[{"href":"https:\/\/linitiative.ca\/International\/wp-json\/wp\/v2\/media?parent=146919"}],"wp:term":[{"taxonomy":"category","embeddable":true,"href":"https:\/\/linitiative.ca\/International\/wp-json\/wp\/v2\/categories?post=146919"},{"taxonomy":"post_tag","embeddable":true,"href":"https:\/\/linitiative.ca\/International\/wp-json\/wp\/v2\/tags?post=146919"}],"curies":[{"name":"wp","href":"https:\/\/api.w.org\/{rel}","templated":true}]}}