{"id":146929,"date":"2022-05-04T16:15:00","date_gmt":"2022-05-04T20:15:00","guid":{"rendered":"https:\/\/linitiative.ca\/International\/maroc-les-investissements-directs-etrangers-en-hausse-de-56-a-fin-mars\/"},"modified":"2022-05-04T16:15:00","modified_gmt":"2022-05-04T20:15:00","slug":"maroc-les-investissements-directs-etrangers-en-hausse-de-56-a-fin-mars","status":"publish","type":"post","link":"https:\/\/linitiative.ca\/International\/maroc-les-investissements-directs-etrangers-en-hausse-de-56-a-fin-mars\/","title":{"rendered":"Maroc. Les investissements directs \u00e9trangers en hausse de 56% \u00e0 fin mars"},"content":{"rendered":"<div><img decoding=\"async\" width=\"780\" height=\"468\" src=\"https:\/\/linitiative.ca\/International\/wp-content\/uploads\/sites\/23\/2022\/05\/ca88e463fc6ee6b28e42f8c66919155d.jpg\" class=\"attachment-post-thumbnail size-post-thumbnail wp-post-image\" alt=\"\" loading=\"lazy\" srcset=\"https:\/\/linitiative.ca\/International\/wp-content\/uploads\/sites\/23\/2022\/05\/ca88e463fc6ee6b28e42f8c66919155d.jpg 780w, https:\/\/www.challenge.ma\/wp-content\/uploads\/2019\/03\/ca88e463fc6ee6b28e42f8c66919155d-300x180.jpg 300w, https:\/\/www.challenge.ma\/wp-content\/uploads\/2019\/03\/ca88e463fc6ee6b28e42f8c66919155d-768x461.jpg 768w, https:\/\/www.challenge.ma\/wp-content\/uploads\/2019\/03\/ca88e463fc6ee6b28e42f8c66919155d-360x216.jpg 360w, https:\/\/www.challenge.ma\/wp-content\/uploads\/2019\/03\/ca88e463fc6ee6b28e42f8c66919155d-750x450.jpg 750w\" sizes=\"auto, (max-width: 780px) 100vw, 780px\" itemprop=\"image\">Selon l\u2019Office des changes, le flux net des Investissements Directs \u00c9trangers (IDE) a atteint 3,86 milliards de DH \u00e0 fin mars dernier, en hausse de 56% par rapport \u00e0 la m\u00eame p\u00e9riode en 2021.L\u2019Office des changes pr\u00e9cise dans sa r\u00e9cente note sur les indicateurs mensuels des \u00e9changes ext\u00e9rieurs, que les<\/div>\n<p>Auteur: Roland Amoussou<br \/>\n<a href=\"https:\/\/www.challenge.ma\/maroc-les-investissements-directs-etrangers-en-hausse-de-56-a-fin-mars-237990\/\">Cliquez ici pour lire l&rsquo;article depuis sa source.<\/a><\/p>\n","protected":false},"excerpt":{"rendered":"<p>Selon l\u2019Office des changes, le flux net des Investissements Directs \u00c9trangers (IDE) a atteint 3,86 milliards de DH \u00e0 fin mars dernier, en hausse de 56% par rapport \u00e0 la m\u00eame p\u00e9riode en 2021.L\u2019Office des changes pr\u00e9cise dans sa r\u00e9cente note sur les indicateurs mensuels des \u00e9changes ext\u00e9rieurs, que les Auteur: Roland Amoussou Cliquez ici [&hellip;]<\/p>\n","protected":false},"author":1787,"featured_media":0,"comment_status":"closed","ping_status":"closed","sticky":false,"template":"","format":"standard","meta":{"fifu_image_url":"https:\/\/www.challenge.ma\/wp-content\/uploads\/2019\/03\/ca88e463fc6ee6b28e42f8c66919155d.jpg","fifu_image_alt":"Maroc. Les investissements directs \u00e9trangers en hausse de 56% \u00e0 fin mars","footnotes":""},"categories":[78,54],"tags":[],"class_list":["post-146929","post","type-post","status-publish","format-standard","hentry","category-economie","category-maroc"],"_links":{"self":[{"href":"https:\/\/linitiative.ca\/International\/wp-json\/wp\/v2\/posts\/146929","targetHints":{"allow":["GET"]}}],"collection":[{"href":"https:\/\/linitiative.ca\/International\/wp-json\/wp\/v2\/posts"}],"about":[{"href":"https:\/\/linitiative.ca\/International\/wp-json\/wp\/v2\/types\/post"}],"author":[{"embeddable":true,"href":"https:\/\/linitiative.ca\/International\/wp-json\/wp\/v2\/users\/1787"}],"replies":[{"embeddable":true,"href":"https:\/\/linitiative.ca\/International\/wp-json\/wp\/v2\/comments?post=146929"}],"version-history":[{"count":0,"href":"https:\/\/linitiative.ca\/International\/wp-json\/wp\/v2\/posts\/146929\/revisions"}],"wp:attachment":[{"href":"https:\/\/linitiative.ca\/International\/wp-json\/wp\/v2\/media?parent=146929"}],"wp:term":[{"taxonomy":"category","embeddable":true,"href":"https:\/\/linitiative.ca\/International\/wp-json\/wp\/v2\/categories?post=146929"},{"taxonomy":"post_tag","embeddable":true,"href":"https:\/\/linitiative.ca\/International\/wp-json\/wp\/v2\/tags?post=146929"}],"curies":[{"name":"wp","href":"https:\/\/api.w.org\/{rel}","templated":true}]}}