{"id":146934,"date":"2022-05-04T16:54:16","date_gmt":"2022-05-04T20:54:16","guid":{"rendered":"https:\/\/linitiative.ca\/International\/tunisie-un-nouvel-incendie-se-declenche-a-gabes\/"},"modified":"2022-05-04T16:54:16","modified_gmt":"2022-05-04T20:54:16","slug":"tunisie-un-nouvel-incendie-se-declenche-a-gabes","status":"publish","type":"post","link":"https:\/\/linitiative.ca\/International\/tunisie-un-nouvel-incendie-se-declenche-a-gabes\/","title":{"rendered":"Tunisie \u2013 Un nouvel incendie se d\u00e9clenche \u00e0 Gabes"},"content":{"rendered":"<div>\n<p>Un deuxi\u00e8me incendie en trois jours, vient de se d\u00e9clarer, ce mercredi apr\u00e8s-midi, dans la ville de Gabes, apr\u00e8s celui du march\u00e9 de la Henn\u00e9. Le feu s\u2019est d\u00e9clar\u00e9 pr\u00e8s de la station des voitures de louages de la ville.<\/p>\n<p>L\u2019article <a href=\"https:\/\/www.tunisienumerique.com\/tunisie-un-nouvel-incendie-se-declenche-a-gabes\/\">Tunisie \u2013 Un nouvel incendie se d\u00e9clenche \u00e0 Gabes<\/a> est apparu en premier sur <a href=\"https:\/\/www.tunisienumerique.com\/\">Tunisie<\/a>.<\/p>\n<\/div>\n<p>Auteur: LM<br \/>\n<a href=\"https:\/\/www.tunisienumerique.com\/tunisie-un-nouvel-incendie-se-declenche-a-gabes\/\">Cliquez ici pour lire l&rsquo;article depuis sa source.<\/a><\/p>\n","protected":false},"excerpt":{"rendered":"<p>Un deuxi\u00e8me incendie en trois jours, vient de se d\u00e9clarer, ce mercredi apr\u00e8s-midi, dans la ville de Gabes, apr\u00e8s celui du march\u00e9 de la Henn\u00e9. Le feu s\u2019est d\u00e9clar\u00e9 pr\u00e8s de la station des voitures de louages de la ville. L\u2019article Tunisie \u2013 Un nouvel incendie se d\u00e9clenche \u00e0 Gabes est apparu en premier sur [&hellip;]<\/p>\n","protected":false},"author":1789,"featured_media":0,"comment_status":"closed","ping_status":"closed","sticky":false,"template":"","format":"standard","meta":{"fifu_image_url":"","fifu_image_alt":"","footnotes":""},"categories":[73,55],"tags":[],"class_list":["post-146934","post","type-post","status-publish","format-standard","hentry","category-actualite","category-tunisie"],"_links":{"self":[{"href":"https:\/\/linitiative.ca\/International\/wp-json\/wp\/v2\/posts\/146934","targetHints":{"allow":["GET"]}}],"collection":[{"href":"https:\/\/linitiative.ca\/International\/wp-json\/wp\/v2\/posts"}],"about":[{"href":"https:\/\/linitiative.ca\/International\/wp-json\/wp\/v2\/types\/post"}],"author":[{"embeddable":true,"href":"https:\/\/linitiative.ca\/International\/wp-json\/wp\/v2\/users\/1789"}],"replies":[{"embeddable":true,"href":"https:\/\/linitiative.ca\/International\/wp-json\/wp\/v2\/comments?post=146934"}],"version-history":[{"count":0,"href":"https:\/\/linitiative.ca\/International\/wp-json\/wp\/v2\/posts\/146934\/revisions"}],"wp:attachment":[{"href":"https:\/\/linitiative.ca\/International\/wp-json\/wp\/v2\/media?parent=146934"}],"wp:term":[{"taxonomy":"category","embeddable":true,"href":"https:\/\/linitiative.ca\/International\/wp-json\/wp\/v2\/categories?post=146934"},{"taxonomy":"post_tag","embeddable":true,"href":"https:\/\/linitiative.ca\/International\/wp-json\/wp\/v2\/tags?post=146934"}],"curies":[{"name":"wp","href":"https:\/\/api.w.org\/{rel}","templated":true}]}}