{"id":146936,"date":"2022-05-04T17:14:13","date_gmt":"2022-05-04T21:14:13","guid":{"rendered":"https:\/\/linitiative.ca\/International\/tunisie-samir-dilou-le-front-du-salut-national-tiendra-une-conference-de-presse-urgente-demain\/"},"modified":"2022-05-04T17:14:13","modified_gmt":"2022-05-04T21:14:13","slug":"tunisie-samir-dilou-le-front-du-salut-national-tiendra-une-conference-de-presse-urgente-demain","status":"publish","type":"post","link":"https:\/\/linitiative.ca\/International\/tunisie-samir-dilou-le-front-du-salut-national-tiendra-une-conference-de-presse-urgente-demain\/","title":{"rendered":"Tunisie-Samir Dilou: \u00ab Le Front du Salut National tiendra une conf\u00e9rence de presse urgente demain \u00bb"},"content":{"rendered":"<div>\n<p>Le dirigeant nahdhaoui, Samir Dilou a annonc\u00e9 dans un post publi\u00e9 sur sa page ce mercredi soir 04 mai 2022, que le Front du Salut National tiendra une conf\u00e9rence de presse \u00ab urgente \u00bb demain, jeudi 05 mai 2022 \u00e0 14H00 \u00e0 l\u2019H\u00f4tel Africa sis Avenue Habib Bourguiba-Tunis.<\/p>\n<p>L\u2019article <a href=\"https:\/\/www.tunisienumerique.com\/tunisie-samir-dilou-le-front-du-salut-national-tiendra-une-conference-de-presse-urgente-demain\/\">Tunisie-Samir Dilou: \u00ab Le Front du Salut National tiendra une conf\u00e9rence de presse urgente demain \u00bb<\/a> est apparu en premier sur <a href=\"https:\/\/www.tunisienumerique.com\/\">Tunisie<\/a>.<\/p>\n<\/div>\n<p>Auteur: rania ben slimane<br \/>\n<a href=\"https:\/\/www.tunisienumerique.com\/tunisie-samir-dilou-le-front-du-salut-national-tiendra-une-conference-de-presse-urgente-demain\/\">Cliquez ici pour lire l&rsquo;article depuis sa source.<\/a><\/p>\n","protected":false},"excerpt":{"rendered":"<p>Le dirigeant nahdhaoui, Samir Dilou a annonc\u00e9 dans un post publi\u00e9 sur sa page ce mercredi soir 04 mai 2022, que le Front du Salut National tiendra une conf\u00e9rence de presse \u00ab urgente \u00bb demain, jeudi 05 mai 2022 \u00e0 14H00 \u00e0 l\u2019H\u00f4tel Africa sis Avenue Habib Bourguiba-Tunis. L\u2019article Tunisie-Samir Dilou: \u00ab Le Front du [&hellip;]<\/p>\n","protected":false},"author":1789,"featured_media":0,"comment_status":"closed","ping_status":"closed","sticky":false,"template":"","format":"standard","meta":{"fifu_image_url":"","fifu_image_alt":"","footnotes":""},"categories":[73,55],"tags":[],"class_list":["post-146936","post","type-post","status-publish","format-standard","hentry","category-actualite","category-tunisie"],"_links":{"self":[{"href":"https:\/\/linitiative.ca\/International\/wp-json\/wp\/v2\/posts\/146936","targetHints":{"allow":["GET"]}}],"collection":[{"href":"https:\/\/linitiative.ca\/International\/wp-json\/wp\/v2\/posts"}],"about":[{"href":"https:\/\/linitiative.ca\/International\/wp-json\/wp\/v2\/types\/post"}],"author":[{"embeddable":true,"href":"https:\/\/linitiative.ca\/International\/wp-json\/wp\/v2\/users\/1789"}],"replies":[{"embeddable":true,"href":"https:\/\/linitiative.ca\/International\/wp-json\/wp\/v2\/comments?post=146936"}],"version-history":[{"count":0,"href":"https:\/\/linitiative.ca\/International\/wp-json\/wp\/v2\/posts\/146936\/revisions"}],"wp:attachment":[{"href":"https:\/\/linitiative.ca\/International\/wp-json\/wp\/v2\/media?parent=146936"}],"wp:term":[{"taxonomy":"category","embeddable":true,"href":"https:\/\/linitiative.ca\/International\/wp-json\/wp\/v2\/categories?post=146936"},{"taxonomy":"post_tag","embeddable":true,"href":"https:\/\/linitiative.ca\/International\/wp-json\/wp\/v2\/tags?post=146936"}],"curies":[{"name":"wp","href":"https:\/\/api.w.org\/{rel}","templated":true}]}}