{"id":146948,"date":"2022-05-04T04:59:27","date_gmt":"2022-05-04T08:59:27","guid":{"rendered":"https:\/\/linitiative.ca\/International\/extension-de-la-sainte-mosquee-al-haram-a-la-mecque-19-millions-de-fideles-recus-pendant-le-ramadan\/"},"modified":"2022-05-04T04:59:27","modified_gmt":"2022-05-04T08:59:27","slug":"extension-de-la-sainte-mosquee-al-haram-a-la-mecque-19-millions-de-fideles-recus-pendant-le-ramadan","status":"publish","type":"post","link":"https:\/\/linitiative.ca\/International\/extension-de-la-sainte-mosquee-al-haram-a-la-mecque-19-millions-de-fideles-recus-pendant-le-ramadan\/","title":{"rendered":"Extension de la Sainte Mosqu\u00e9e al Haram \u00e0 la Mecque: 19 millions de fid\u00e8les re\u00e7us pendant le Ramadan"},"content":{"rendered":"<div>\n<p>\u00a0<\/p>\n<p><strong>La troisi\u00e8me extension saoudienne de la Sainte Mosqu\u00e9e al Haram \u00e0 la Mecque a permis d\u2019augmenter sensiblement ses capacit\u00e9s d\u2019accueil. Les services de transport vers la Sainte Mosqu\u00e9e ont connu une nette am\u00e9lioration.<\/strong><\/p>\n<p>Les travaux d\u2019extension de la Sainte Mosqu\u00e9e al Haram \u00e0 la Mecque en Arabie ont commenc\u00e9 \u00e0 produire leurs effets. Durant le mois b\u00e9ni de Ramadan, ce sont environ 19 millions de fid\u00e8les qui y ont \u00e9t\u00e9 re\u00e7us. Aux dires du Directeur du D\u00e9partement G\u00e9n\u00e9ral de l\u2019Extension Nord l\u2019ing. Walid Al-Masoudi, cette extension permet de recevoir plus de 500 000 fid\u00e8les par heure. Selon la Pr\u00e9sidence g\u00e9n\u00e9rale pour les affaires de la Sainte Mosqu\u00e9e Al-Haram et de la Mosqu\u00e9e du Proph\u00e8te, dans l\u2019esprit mois de je\u00fbne, trois millions de repas d\u2019Iftar (rupture du je\u00fbne) ont \u00e9t\u00e9 distribu\u00e9s \u00e0 la Sainte Mosqu\u00e9e Al-Haram pendant les premiers 20 jours de Ramadan. \u00ab\u00a0Les repas ont \u00e9r\u00e9 fournis par un certain nombre d\u2019organisations caritatives, en coop\u00e9ration avec le gouvernorat de La Mecque et plusieurs agences gouvernementales\u00a0\u00bb, a pr\u00e9cis\u00e9 l\u2019agence de presse saoudienne SPA.<\/p>\n<p>Sur la m\u00eame lanc\u00e9e, la fluidit\u00e9 des services de transport vers la Mosqu\u00e9e du Proph\u00e8te a connu une nette am\u00e9lioration.\u00a0Les services de transport ininterrompu de bus pour acheminer les fid\u00e8les vers la mosqu\u00e9e du Proph\u00e8te ont facilit\u00e9 les d\u00e9placements pour plus de 250 000 b\u00e9n\u00e9ficiaires, pendant les 20 premiers jours du Ramadan. L\u2019Autorit\u00e9 de d\u00e9veloppement de la r\u00e9gion de M\u00e9dine a indiqu\u00e9 que la soci\u00e9t\u00e9 exploitant le service, qui op\u00e8re sous la supervision de l\u2019autorit\u00e9, dispose d\u2019une flotte de bus de 150 bus, pour desservir les fid\u00e8les et les visiteurs \u00e0 travers 7 voies principales. L\u2019autorit\u00e9 a \u00e9galement commenc\u00e9 \u00e0 \u00e9lever le niveau de capacit\u00e9 op\u00e9rationnelle au cours des dix derniers jours du mois sacr\u00e9 pour r\u00e9pondre aux besoins des pri\u00e8res de Qiyam. L\u2019autorit\u00e9 vise, en coop\u00e9ration avec des agences gouvernementales et des \u00e9quipes de b\u00e9n\u00e9voles, \u00e0 \u00e9largir le cercle des b\u00e9n\u00e9ficiaires des services de transport public \u00e0 M\u00e9dine, \u00e0 am\u00e9liorer la circulation dans les rues principales et \u00e0 r\u00e9duire le niveau de pollution de l\u2019environnement dans les rues et les zones environnantes de la r\u00e9gion centrale. Toutes ces initiatives visent \u00e0 \u00e9lever la qualit\u00e9 des projets de transport et la qualit\u00e9 de vie des habitants et des visiteurs de la sainte ville du Messager de Dieu.<\/p>\n<p><strong>Une synth\u00e8se de Karim BADOLO<\/strong><\/p>\n<p><strong>Source\u00a0: SPA<\/strong><\/p>\n<p><strong>L\u00e9gende\/Cr\u00e9dit photos\u00a0:<\/strong><\/p>\n<p>L\u2019article <a rel=\"nofollow\" href=\"https:\/\/www.sidwaya.info\/blog\/2022\/05\/04\/extension-de-la-sainte-mosquee-al-haram-a-la-mecque-19-millions-de-fideles-recus-pendant-le-ramadan\/\">Extension de la Sainte Mosqu\u00e9e al Haram \u00e0 la Mecque: 19 millions de fid\u00e8les re\u00e7us pendant le Ramadan<\/a> est apparu en premier sur <a rel=\"nofollow\" href=\"https:\/\/www.sidwaya.info\/\">Quotidien Sidwaya<\/a>.<\/p>\n<\/div>\n<p>Auteur: BS. Sidwaya<br \/>\n<a href=\"https:\/\/www.sidwaya.info\/blog\/2022\/05\/04\/extension-de-la-sainte-mosquee-al-haram-a-la-mecque-19-millions-de-fideles-recus-pendant-le-ramadan\/?utm_source=rss&#038;utm_medium=rss&#038;utm_campaign=extension-de-la-sainte-mosquee-al-haram-a-la-mecque-19-millions-de-fideles-recus-pendant-le-ramadan\">Cliquez ici pour lire l&rsquo;article depuis sa source.<\/a><\/p>\n","protected":false},"excerpt":{"rendered":"<p>\u00a0 La troisi\u00e8me extension saoudienne de la Sainte Mosqu\u00e9e al Haram \u00e0 la Mecque a permis d\u2019augmenter sensiblement ses capacit\u00e9s d\u2019accueil. Les services de transport vers la Sainte Mosqu\u00e9e ont connu une nette am\u00e9lioration. Les travaux d\u2019extension de la Sainte Mosqu\u00e9e al Haram \u00e0 la Mecque en Arabie ont commenc\u00e9 \u00e0 produire leurs effets. Durant [&hellip;]<\/p>\n","protected":false},"author":1816,"featured_media":0,"comment_status":"closed","ping_status":"closed","sticky":false,"template":"","format":"standard","meta":{"fifu_image_url":"","fifu_image_alt":"","footnotes":""},"categories":[73,81],"tags":[],"class_list":["post-146948","post","type-post","status-publish","format-standard","hentry","category-actualite","category-burkina-faso"],"_links":{"self":[{"href":"https:\/\/linitiative.ca\/International\/wp-json\/wp\/v2\/posts\/146948","targetHints":{"allow":["GET"]}}],"collection":[{"href":"https:\/\/linitiative.ca\/International\/wp-json\/wp\/v2\/posts"}],"about":[{"href":"https:\/\/linitiative.ca\/International\/wp-json\/wp\/v2\/types\/post"}],"author":[{"embeddable":true,"href":"https:\/\/linitiative.ca\/International\/wp-json\/wp\/v2\/users\/1816"}],"replies":[{"embeddable":true,"href":"https:\/\/linitiative.ca\/International\/wp-json\/wp\/v2\/comments?post=146948"}],"version-history":[{"count":0,"href":"https:\/\/linitiative.ca\/International\/wp-json\/wp\/v2\/posts\/146948\/revisions"}],"wp:attachment":[{"href":"https:\/\/linitiative.ca\/International\/wp-json\/wp\/v2\/media?parent=146948"}],"wp:term":[{"taxonomy":"category","embeddable":true,"href":"https:\/\/linitiative.ca\/International\/wp-json\/wp\/v2\/categories?post=146948"},{"taxonomy":"post_tag","embeddable":true,"href":"https:\/\/linitiative.ca\/International\/wp-json\/wp\/v2\/tags?post=146948"}],"curies":[{"name":"wp","href":"https:\/\/api.w.org\/{rel}","templated":true}]}}