{"id":14696,"date":"2019-02-16T15:19:01","date_gmt":"2019-02-16T20:19:01","guid":{"rendered":"https:\/\/linitiative.ca\/International\/anr-installation-de-la-direction-de-campagne-du-president\/"},"modified":"2019-02-16T15:19:01","modified_gmt":"2019-02-16T20:19:01","slug":"anr-installation-de-la-direction-de-campagne-du-president","status":"publish","type":"post","link":"https:\/\/linitiative.ca\/International\/anr-installation-de-la-direction-de-campagne-du-president\/","title":{"rendered":"anr : Installation de la direction  de campagne du Pr\u00e9sident"},"content":{"rendered":"<p>\u00abNous valorisons la volont\u00e9 de r\u00e9forme contenue dans le message du pr\u00e9sident de la R\u00e9publique et sa volont\u00e9 de faire de ce prochain mandat une opportunit\u00e9 de transition g\u00e9n\u00e9rationnelle\u00bb. C\u2019est ce qu\u2019a indiqu\u00e9 le\u00a0secr\u00e9taire g\u00e9n\u00e9ral de l\u2019Alliance nationale r\u00e9publicaine qui a exprim\u00e9, hier, sa grande satisfaction de la candidature de M. Abdelaziz Bouteflika\u00a0\u00e0 l\u2019\u00e9lection pr\u00e9sidentielle.<br \/>Intervenant lors de la conf\u00e9rence nationale des bureaux de wilaya, tenue au si\u00e8ge du parti,\u00a0\u00a0Belkacem Sahli a\u00a0r\u00e9it\u00e9r\u00e9 son soutien \u00abind\u00e9fectible\u00bb au Pr\u00e9sident la R\u00e9publique et \u00abl\u2019engagement\u00a0\u00bb de son parti d\u2019\u0153uvrer \u00absans tr\u00eave\u00bb pour \u00a0la continuit\u00e9.\u00a0Une continuit\u00e9 qui est \u00e0 m\u00eame de \u00abconsolider\u00bb les r\u00e9alisations et acquis enregistr\u00e9s durant les pr\u00e9c\u00e9dents mandats et \u00abd\u2019amorcer\u00a0\u00bb un processus pour \u00abapprofondir\u00bb les diff\u00e9rentes r\u00e9formes d\u00e9j\u00e0 entam\u00e9es dans diff\u00e9rents domaines. Il a\u00a0annonc\u00e9 \u00e0 cette occasion l\u2019installation officielle de la direction de campagne nationale de sa formation qui va travailler en \u00abparfaite collaboration\u00bb avec\u00a0la direction de campagne du Pr\u00e9sident. \u00a0\u00a0<br \/>L\u2019ANR a proc\u00e9d\u00e9 \u00e0 un bilan de ce qu\u2019a \u00e9t\u00e9 r\u00e9alis\u00e9 par son parti et dress\u00e9 une feuille de route pour la prochaine \u00e9tape. Le SG a \u00e9voqu\u00e9 \u00e0 ce propos\u00a0la premi\u00e8re \u00e9tape\u00a0 de la campagne de \u00a0sensibilisation men\u00e9e par le parti en collaboration avec le groupe de la continuit\u00e9 pour la stabilit\u00e9 et les reformes (G15+4). Une campagne qualifi\u00e9e de\u00a0 \u00abpositive\u00bb,\u00a0 avec une vingtaine de meetings dans plusieurs wilayas,\u00a0en plus de visites de la communaut\u00e9 alg\u00e9rienne en France, \u00e0 Paris plus exactement.<br \/>Selon M. Sahli, l\u2019objectif de la premi\u00e8re \u00e9tape consistait \u00e0 expliquer \u00a0le pourquoi de la continuit\u00e9 \u00aben disant au citoyen que nous soutenons le principe de la continuit\u00e9 pour permettre \u00e0 notre pays de relever les cinq principaux d\u00e9fis, \u00e0 savoir politique, \u00e9conomique, social, s\u00e9curitaire et celui de la politique \u00e9trang\u00e8re. Nous avons r\u00e9ussi cette premi\u00e8re \u00e9tape et depuis l\u2019annonce officielle de la candidature de M. Abdelaziz Bouteflika, le parti s\u2019est lanc\u00e9 dans la deuxi\u00e8me \u00e9tape qui comporte deux volets,\u00a0dont le premier porte sur la collecte des signatures\u00bb. \u00a0Il a, \u00e0 ce sujet, \u00a0annonc\u00e9 la distribution de 2.000 formulaires pour les \u00e9lus locaux\u00a0et plus de 200.000 autres pour les citoyens. \u00abD\u2019ici une dizaine de jours, nous ferons notre premier bilan\u00a0\u00bb, a fait savoir Sahli.<br \/>Pour ce qui est du volet politique, le SG de l\u2019ANR a fait part de la poursuite de la campagne de sensibilisation en direction des citoyens sur l\u2019importance d\u2019exercer leur droit de vote et d\u2019entamer la campagne \u00e9lectorale officielle \u00a0\u00e0 partir du 24 mars prochain, \u00e0 travers notamment la mise en place d\u2019un planing de meetings qu\u2019il animera. D\u2019autres le seront par les pr\u00e9sidents des partis du groupe de la continuit\u00e9 pour la stabilit\u00e9 et les r\u00e9formes. Il a, \u00e9galement, relev\u00e9 l\u2019importance de la conf\u00e9rence nationale \u00e0 laquelle a appel\u00e9 le Pr\u00e9sident de la R\u00e9publique dans son message de candidature. \u00abC\u2019est une conf\u00e9rence de consensus qui regroupera l\u2019ensemble des partis politiques pour trouver des solutions aux principaux d\u00e9fis auxquels fait face l\u2019Alg\u00e9rie\u00bb a-t-il soulign\u00e9.<br \/>Abordant la question de la r\u00e9vision constitutionnelle, le premier responsable de l\u2019ANR dira que son parti proposera le renforcement du caract\u00e8re r\u00e9publicain, moderniste et d\u00e9mocrate du syst\u00e8me politique. \u00abUne demande qui a \u00e9t\u00e9 d\u00e9j\u00e0 formul\u00e9e par l\u2019ANR en 2014\u00bb, a-t-il pr\u00e9cis\u00e9, avant de poursuivre que \u00ab\u00a0nous allons proposer un certain r\u00e9\u00e9quilibrage des pr\u00e9rogatives du pouvoir ex\u00e9cutif entre le Pr\u00e9sident de la R\u00e9publique et le premier ministre ou le chef du gouvernement et la cr\u00e9ation du poste de vice-pr\u00e9sident.<br \/>Kam\u00e9lia Hadjib<\/p>\n<p>Auteur: elmoudjahid<br \/>\n<a href=\"http:\/\/www.elmoudjahid.com\/fr\/actualites\/133823\">Cliquez ici pour lire l&rsquo;article depuis sa source.<\/a><\/p>\n","protected":false},"excerpt":{"rendered":"<p>\u00abNous valorisons la volont\u00e9 de r\u00e9forme contenue dans le message du pr\u00e9sident de la R\u00e9publique et sa volont\u00e9 de faire de ce prochain mandat une opportunit\u00e9 de transition g\u00e9n\u00e9rationnelle\u00bb. C\u2019est ce qu\u2019a indiqu\u00e9 le\u00a0secr\u00e9taire g\u00e9n\u00e9ral de l\u2019Alliance nationale r\u00e9publicaine qui a exprim\u00e9, hier, sa grande satisfaction de la candidature de M. Abdelaziz Bouteflika\u00a0\u00e0 l\u2019\u00e9lection pr\u00e9sidentielle.Intervenant [&hellip;]<\/p>\n","protected":false},"author":1744,"featured_media":0,"comment_status":"closed","ping_status":"closed","sticky":false,"template":"","format":"standard","meta":{"fifu_image_url":"","fifu_image_alt":"","footnotes":""},"categories":[73,53],"tags":[],"class_list":["post-14696","post","type-post","status-publish","format-standard","hentry","category-actualite","category-algerie"],"_links":{"self":[{"href":"https:\/\/linitiative.ca\/International\/wp-json\/wp\/v2\/posts\/14696","targetHints":{"allow":["GET"]}}],"collection":[{"href":"https:\/\/linitiative.ca\/International\/wp-json\/wp\/v2\/posts"}],"about":[{"href":"https:\/\/linitiative.ca\/International\/wp-json\/wp\/v2\/types\/post"}],"author":[{"embeddable":true,"href":"https:\/\/linitiative.ca\/International\/wp-json\/wp\/v2\/users\/1744"}],"replies":[{"embeddable":true,"href":"https:\/\/linitiative.ca\/International\/wp-json\/wp\/v2\/comments?post=14696"}],"version-history":[{"count":0,"href":"https:\/\/linitiative.ca\/International\/wp-json\/wp\/v2\/posts\/14696\/revisions"}],"wp:attachment":[{"href":"https:\/\/linitiative.ca\/International\/wp-json\/wp\/v2\/media?parent=14696"}],"wp:term":[{"taxonomy":"category","embeddable":true,"href":"https:\/\/linitiative.ca\/International\/wp-json\/wp\/v2\/categories?post=14696"},{"taxonomy":"post_tag","embeddable":true,"href":"https:\/\/linitiative.ca\/International\/wp-json\/wp\/v2\/tags?post=14696"}],"curies":[{"name":"wp","href":"https:\/\/api.w.org\/{rel}","templated":true}]}}