{"id":146962,"date":"2022-05-04T10:55:11","date_gmt":"2022-05-04T14:55:11","guid":{"rendered":"https:\/\/linitiative.ca\/International\/assurances-allianz-et-sanlam-font-alliance-pour-creer-un-geant-africain-de-lassurance\/"},"modified":"2022-05-04T10:55:11","modified_gmt":"2022-05-04T14:55:11","slug":"assurances-allianz-et-sanlam-font-alliance-pour-creer-un-geant-africain-de-lassurance","status":"publish","type":"post","link":"https:\/\/linitiative.ca\/International\/assurances-allianz-et-sanlam-font-alliance-pour-creer-un-geant-africain-de-lassurance\/","title":{"rendered":"Assurances :\u00a0Allianz\u00a0et Sanlam font alliance pour cr\u00e9er un g\u00e9ant africain de l\u2019assurance"},"content":{"rendered":"<div>\n<p>Sanlam et Allianz viennent de rendre public un communiqu\u00e9 de presse. Dans ce manifeste, les deux entreprises sp\u00e9cialis\u00e9es dans les assurances annoncent la formation d\u2019un partenariat pour la constitution d\u2019une co-entreprise qui va rassembler l\u2019ensemble de leurs actifs sur le continent africain, \u00e0 l\u2019exception de l\u2019Afrique du Sud.<\/p>\n<p><strong>Lire aussi : <a href=\"https:\/\/ecomatin.net\/assurances-les-enjeux-de-la-46eme-session-de-lassemblee-generale-ordinaire-de-la-fanaf\/\">Assurances\u00a0: les enjeux de la 46\u00e8me\u00a0session de l\u2019Assembl\u00e9e g\u00e9n\u00e9rale ordinaire de la Fanaf<\/a><\/strong><\/p>\n<p>\u00a0\u00abLa co-entreprise abritera les unit\u00e9s commerciales de Sanlam et d\u2019Allianz dans les pays africains o\u00f9 les deux soci\u00e9t\u00e9s, ou au moins l\u2019une d\u2019entre elles, sont pr\u00e9sentes. Les op\u00e9rations combin\u00e9es de Sanlam et d\u2019Allianz cr\u00e9eront une entit\u00e9 panafricaine de services financiers non bancaires de premier plan, active dans vingt-neuf\u00a0pays du continent\u00bb, peut-on lire dans ce document, dans lequel il est \u00e9galement pr\u00e9cis\u00e9 que la Namibie sera inclue dans l\u2019accord\u00a0 \u00e0 un stade sup\u00e9rieur et l\u2019Afrique du Sud en est exclu.<\/p>\n<p><strong>Lire aussi : <a href=\"https:\/\/ecomatin.net\/sanlam-cameroun-le-camerounais-vincent-ongolo-ndzomo-prend-fonction\/\">Sanlam Cameroun : le camerounais Vincent Ongolo Ndzomo prend fonction<\/a><\/strong><\/p>\n<p>Si l\u2019on s\u2019en tient aux projections faites par Allianz et Sanlam, cette nouvelle entit\u00e9 \u00absera le plus grand acteur panafricain de l\u2019assurance et devrait se classer parmi les trois premiers sur la majorit\u00e9 des march\u00e9s o\u00f9 elle sera pr\u00e9sente\u00bb. Elle sera en sus, dot\u00e9e de 2,1 milliards d\u2019euros de fonds propres. \u00a0\u00a0Cette nouvelle soci\u00e9t\u00e9 d\u2019assurance est l\u2019aboutissement d\u2019un projet entam\u00e9 en d\u00e9cembre 2021. A l\u2019\u00e9poque on supputait d\u00e9j\u00e0 sur un \u00e9ventuel rapprochement entre Sanlam et Allianz sans en pr\u00e9ciser la teneur. L\u2019objectif demeure cependant le m\u00eame. A savoir: \u00abaccroitre la p\u00e9n\u00e9tration de l\u2019assurance, \u00e0 acc\u00e9l\u00e9rer l\u2019innovation des produits et \u00e0 favoriser l\u2019inclusion financi\u00e8re sur les march\u00e9s africains \u00e0 forte croissance\u00bb<\/p>\n<p><strong>Lire aussi : <a href=\"https:\/\/ecomatin.net\/assurance-non-vie-atlantic-assurance-cameroun-double-son-chiffre-daffaires-en-2020\/\">Assurance non vie : Atlantic Assurance Cameroun double son chiffre d\u2019affaires en 2020<\/a><\/strong><\/p>\n<p>Sanlam est pr\u00e9sent dans plus de 30 pays africains, dont le Maroc, la C\u00f4te d\u2019Ivoire, le Nigeria et le Botswana. Quant \u00e0 Allianz, son portefeuille d\u2019assurances couvre 11 pays en dehors de l\u2019Afrique du Sud.<\/p>\n<p>L\u2019article <a rel=\"nofollow\" href=\"https:\/\/ecomatin.net\/assurances-allianz-et-sanlam-font-alliance-pour-creer-un-geant-t-africain-de-lassurance\/\">Assurances :\u00a0Allianz\u00a0et Sanlam font alliance pour cr\u00e9er un g\u00e9ant africain de l\u2019assurance<\/a> est apparu en premier sur <a rel=\"nofollow\" href=\"https:\/\/ecomatin.net\/\">EcoMatin<\/a>.<\/p>\n<\/div>\n<p>Auteur: Paul Tjeg<br \/>\n<a href=\"https:\/\/ecomatin.net\/assurances-allianz-et-sanlam-font-alliance-pour-creer-un-geant-t-africain-de-lassurance\/\">Cliquez ici pour lire l&rsquo;article depuis sa source.<\/a><\/p>\n","protected":false},"excerpt":{"rendered":"<p>Sanlam et Allianz viennent de rendre public un communiqu\u00e9 de presse. Dans ce manifeste, les deux entreprises sp\u00e9cialis\u00e9es dans les assurances annoncent la formation d\u2019un partenariat pour la constitution d\u2019une co-entreprise qui va rassembler l\u2019ensemble de leurs actifs sur le continent africain, \u00e0 l\u2019exception de l\u2019Afrique du Sud. Lire aussi : Assurances\u00a0: les enjeux de [&hellip;]<\/p>\n","protected":false},"author":1969,"featured_media":0,"comment_status":"closed","ping_status":"closed","sticky":false,"template":"","format":"standard","meta":{"fifu_image_url":"","fifu_image_alt":"","footnotes":""},"categories":[82,78],"tags":[],"class_list":["post-146962","post","type-post","status-publish","format-standard","hentry","category-cameroun","category-economie"],"_links":{"self":[{"href":"https:\/\/linitiative.ca\/International\/wp-json\/wp\/v2\/posts\/146962","targetHints":{"allow":["GET"]}}],"collection":[{"href":"https:\/\/linitiative.ca\/International\/wp-json\/wp\/v2\/posts"}],"about":[{"href":"https:\/\/linitiative.ca\/International\/wp-json\/wp\/v2\/types\/post"}],"author":[{"embeddable":true,"href":"https:\/\/linitiative.ca\/International\/wp-json\/wp\/v2\/users\/1969"}],"replies":[{"embeddable":true,"href":"https:\/\/linitiative.ca\/International\/wp-json\/wp\/v2\/comments?post=146962"}],"version-history":[{"count":0,"href":"https:\/\/linitiative.ca\/International\/wp-json\/wp\/v2\/posts\/146962\/revisions"}],"wp:attachment":[{"href":"https:\/\/linitiative.ca\/International\/wp-json\/wp\/v2\/media?parent=146962"}],"wp:term":[{"taxonomy":"category","embeddable":true,"href":"https:\/\/linitiative.ca\/International\/wp-json\/wp\/v2\/categories?post=146962"},{"taxonomy":"post_tag","embeddable":true,"href":"https:\/\/linitiative.ca\/International\/wp-json\/wp\/v2\/tags?post=146962"}],"curies":[{"name":"wp","href":"https:\/\/api.w.org\/{rel}","templated":true}]}}