{"id":146964,"date":"2022-05-05T09:30:31","date_gmt":"2022-05-05T13:30:31","guid":{"rendered":"https:\/\/linitiative.ca\/International\/mohamed-thara-expose-chez-la-celebre-christies-a-bordeaux\/"},"modified":"2022-05-05T09:30:31","modified_gmt":"2022-05-05T13:30:31","slug":"mohamed-thara-expose-chez-la-celebre-christies-a-bordeaux","status":"publish","type":"post","link":"https:\/\/linitiative.ca\/International\/mohamed-thara-expose-chez-la-celebre-christies-a-bordeaux\/","title":{"rendered":"Mohamed Thara expose chez la c\u00e9l\u00e8bre Christie\u2019s \u00e0 Bordeaux"},"content":{"rendered":"<div>\n<p><img decoding=\"async\" width=\"300\" height=\"153\" src=\"https:\/\/linitiative.ca\/International\/wp-content\/uploads\/sites\/23\/2022\/05\/Mohamed-Thara-exposition-300x153-1.jpg\" class=\"attachment-medium size-medium wp-post-image\" alt=\"\" loading=\"lazy\" srcset=\"https:\/\/linitiative.ca\/International\/wp-content\/uploads\/sites\/23\/2022\/05\/Mohamed-Thara-exposition-300x153-1.jpg 300w, https:\/\/aujourdhui.ma\/wp-content\/uploads\/2022\/05\/Mohamed-Thara-exposition-274x140.jpg 274w, https:\/\/aujourdhui.ma\/wp-content\/uploads\/2022\/05\/Mohamed-Thara-exposition.jpg 746w, https:\/\/aujourdhui.ma\/wp-content\/uploads\/2022\/05\/Mohamed-Thara-exposition-165x84.jpg 165w, https:\/\/aujourdhui.ma\/wp-content\/uploads\/2022\/05\/Mohamed-Thara-exposition-702x358.jpg 702w\" sizes=\"auto, (max-width: 300px) 100vw, 300px\"><\/p>\n<p><span style=\"font-size: 20px; color: #800000;\"><strong>Il pr\u00e9sente des peintures inspir\u00e9es des couleurs de sa ville natale F\u00e8s<\/strong> <\/span><br \/>\n<span id=\"more-406967\"><\/span><\/p>\n<p>L\u2019artiste multidisciplinaire Mohamed Thara pr\u00e9sente son exposition personnelle intitul\u00e9e \u00abNo Name Paintings\u00bb chez la c\u00e9l\u00e8bre maison de ventes aux ench\u00e8res Christie\u2019s situ\u00e9e en France \u00e0 Bordeaux. En effet, l\u2019artiste pr\u00e9sente une s\u00e9rie de peintures abstraites r\u00e9alis\u00e9es, durant la p\u00e9riode de 2000 \u00e0 2015, dans son atelier au Maroc et celui en France.<\/p>\n<p>Par ce titre, \u00abNo Name Paintings\u00bb, l\u2019artiste veut dire que la peinture n\u2019a jamais peint qu\u2019elle-m\u00eame. \u00abLe premier sujet d\u2019une peinture c\u2019est la peinture, je ne suis pas oblig\u00e9 de lui donner un titre. Le titre m\u2019a tellement plu que je l\u2019ai mis sur toutes les toiles de la s\u00e9rie. C\u2019\u00e9tait \u00e9galement un bon jeu de mots \u00e0 l\u2019attention des critiques d\u2019art, qui n\u2019ont de cesse de classer les choses\u00bb, lit-on dans un entretien r\u00e9alis\u00e9 dans le cadre de cette exposition.<\/p>\n<p>Il faut dire que l\u2019ensemble de la s\u00e9rie pr\u00e9sent\u00e9e \u00e9voque vaguement des sc\u00e8nes de son enfance. L\u2019artiste a \u00e9t\u00e9 influenc\u00e9 par des images de la vieille tannerie de Chouara de sa ville natale F\u00e8s et ses couleurs vives. D\u2019ailleurs, celle-ci \u00e9tait un horizon bouleversant qui a profond\u00e9ment modifi\u00e9 son art et ses premi\u00e8res peintures.<br \/>\n\u00abMaintenant quand vous regardez mes toiles de la premi\u00e8re p\u00e9riode des ann\u00e9es 2000 vous n\u2019allez pas sp\u00e9cialement rencontrer quelque chose qui ressemble au monde des tanneries traditionnelles, sauf la pr\u00e9sence d\u2019une vaste gamme de teintures et de couleurs divers r\u00e9pandues comme une grande palette qu\u2019on trouve justement dans toute la m\u00e9dina de F\u00e8s\u00bb, explique-t-il. Et d\u2019ajouter : \u00abQuand j\u2019\u00e9tais jeune, j\u2019\u00e9prouvais une grande admiration pour Malevitch et je voulais conduire le supr\u00e9matisme vers de nouveaux territoires. Le rapport de ma peinture \u00e0 l\u2019histoire de l\u2019art n\u2019est pas un rapport directement visuel et iconographique mais un rapport po\u00e9tique voire onirique\u00bb.<\/p>\n<p>Par ailleurs, les peintures de Mohamed Thara sont faites de raies, bandes altern\u00e9es ou lignes. Elles sont expressives avec de la mati\u00e8re et une lumi\u00e8re profonde. \u00abJ\u2019\u00e9tais \u00e0 la recherche de formes primordiales, des modulations formelles et chromatiques, des modulations de sens et d\u2019affects. Le cin\u00e9tisme de la rayure est in\u00e9puisable, l\u2019\u00e9l\u00e9ment ray\u00e9 est toujours premier dans cette s\u00e9rie\u00bb, dit-il.<\/p>\n<p>Outre cette exposition, cet artiste contemporain participera \u00e0 la 14\u00e8me \u00e9dition de la biennale de Dakar pr\u00e9vue du 19 mai au 21 juin 2022. Il est \u00e9galement s\u00e9lectionn\u00e9 au concours officiel du Festival des petites \u00eeles Sikinos de Gr\u00e8ce qui se tiendra du 19 au 22 ao\u00fbt 2022. Pour rappel, Mohamed Thara est laur\u00e9at de l\u2019Ecole sup\u00e9rieure des beaux-arts de Bordeaux (DNSEP) et d\u00e9tient un master en esth\u00e9tique et arts plastiques de l\u2019Universit\u00e9 de Bordeaux Montaigne. Form\u00e9 aux techniques photographiques \u00e0 l\u2019Ecole de l\u2019Institut national de l\u2019audiovisuel de Paris (INA sup) et \u00e0 l\u2019Ecole de cin\u00e9ma professionnelle Arscipro de Paris, il int\u00e8grera par la suite l\u2019\u00e9cole doctorale Montaigne Humanit\u00e9s pour pr\u00e9parer une th\u00e8se de doctorat en \u00e9tudes cin\u00e9matographiques et audiovisuelles.<\/p>\n<p>Peintre, photographe, vid\u00e9aste et performeur aux talents multiples, il cherche \u00e0 \u00e9tendre les limites de la peinture avec une \u0153uvre picturale tr\u00e8s personnelle qui interroge l\u2019ambigu\u00eft\u00e9 de la repr\u00e9sentation.<\/p>\n<\/div>\n<p>Auteur: Siham Jadraoui<br \/>\n<a href=\"https:\/\/aujourdhui.ma\/culture\/mohamed-thara-expose-chez-la-celebre-christies-a-bordeaux\">Cliquez ici pour lire l&rsquo;article depuis sa source.<\/a><\/p>\n","protected":false},"excerpt":{"rendered":"<p>Il pr\u00e9sente des peintures inspir\u00e9es des couleurs de sa ville natale F\u00e8s L\u2019artiste multidisciplinaire Mohamed Thara pr\u00e9sente son exposition personnelle intitul\u00e9e \u00abNo Name Paintings\u00bb chez la c\u00e9l\u00e8bre maison de ventes aux ench\u00e8res Christie\u2019s situ\u00e9e en France \u00e0 Bordeaux. En effet, l\u2019artiste pr\u00e9sente une s\u00e9rie de peintures abstraites r\u00e9alis\u00e9es, durant la p\u00e9riode de 2000 \u00e0 2015, [&hellip;]<\/p>\n","protected":false},"author":1759,"featured_media":0,"comment_status":"closed","ping_status":"closed","sticky":false,"template":"","format":"standard","meta":{"fifu_image_url":"https:\/\/aujourdhui.ma\/wp-content\/uploads\/2022\/05\/Mohamed-Thara-exposition-300x153.jpg","fifu_image_alt":"Mohamed Thara expose chez la c\u00e9l\u00e8bre Christie\u2019s \u00e0 Bordeaux","footnotes":""},"categories":[73,54],"tags":[],"class_list":["post-146964","post","type-post","status-publish","format-standard","hentry","category-actualite","category-maroc"],"_links":{"self":[{"href":"https:\/\/linitiative.ca\/International\/wp-json\/wp\/v2\/posts\/146964","targetHints":{"allow":["GET"]}}],"collection":[{"href":"https:\/\/linitiative.ca\/International\/wp-json\/wp\/v2\/posts"}],"about":[{"href":"https:\/\/linitiative.ca\/International\/wp-json\/wp\/v2\/types\/post"}],"author":[{"embeddable":true,"href":"https:\/\/linitiative.ca\/International\/wp-json\/wp\/v2\/users\/1759"}],"replies":[{"embeddable":true,"href":"https:\/\/linitiative.ca\/International\/wp-json\/wp\/v2\/comments?post=146964"}],"version-history":[{"count":0,"href":"https:\/\/linitiative.ca\/International\/wp-json\/wp\/v2\/posts\/146964\/revisions"}],"wp:attachment":[{"href":"https:\/\/linitiative.ca\/International\/wp-json\/wp\/v2\/media?parent=146964"}],"wp:term":[{"taxonomy":"category","embeddable":true,"href":"https:\/\/linitiative.ca\/International\/wp-json\/wp\/v2\/categories?post=146964"},{"taxonomy":"post_tag","embeddable":true,"href":"https:\/\/linitiative.ca\/International\/wp-json\/wp\/v2\/tags?post=146964"}],"curies":[{"name":"wp","href":"https:\/\/api.w.org\/{rel}","templated":true}]}}