{"id":146966,"date":"2022-05-05T09:56:51","date_gmt":"2022-05-05T13:56:51","guid":{"rendered":"https:\/\/linitiative.ca\/International\/alerte-meteo-vague-de-chaleur-prevue-du-samedi-au-mardi\/"},"modified":"2022-05-05T09:56:51","modified_gmt":"2022-05-05T13:56:51","slug":"alerte-meteo-vague-de-chaleur-prevue-du-samedi-au-mardi","status":"publish","type":"post","link":"https:\/\/linitiative.ca\/International\/alerte-meteo-vague-de-chaleur-prevue-du-samedi-au-mardi\/","title":{"rendered":"Alerte m\u00e9t\u00e9o: Vague de chaleur pr\u00e9vue du samedi au mardi"},"content":{"rendered":"<div>\n<p><img decoding=\"async\" width=\"300\" height=\"153\" src=\"https:\/\/linitiative.ca\/International\/wp-content\/uploads\/sites\/23\/2022\/05\/Meteo-Chaleur-300x153-1.jpg\" class=\"attachment-medium size-medium wp-post-image\" alt=\"\" loading=\"lazy\" srcset=\"https:\/\/linitiative.ca\/International\/wp-content\/uploads\/sites\/23\/2022\/05\/Meteo-Chaleur-300x153-1.jpg 300w, https:\/\/aujourdhui.ma\/wp-content\/uploads\/2020\/07\/Meteo-Chaleur-274x140.jpg 274w, https:\/\/aujourdhui.ma\/wp-content\/uploads\/2020\/07\/Meteo-Chaleur.jpg 746w, https:\/\/aujourdhui.ma\/wp-content\/uploads\/2020\/07\/Meteo-Chaleur-165x84.jpg 165w, https:\/\/aujourdhui.ma\/wp-content\/uploads\/2020\/07\/Meteo-Chaleur-702x358.jpg 702w\" sizes=\"auto, (max-width: 300px) 100vw, 300px\"><\/p>\n<p><span style=\"font-size: 20px; color: #800000;\"><strong>Une vague de chaleur (38\/43\u00b0C) est pr\u00e9vue du samedi au mardi dans plusieurs provinces du Royaume, a annonc\u00e9 jeudi la Direction g\u00e9n\u00e9rale de la m\u00e9t\u00e9orologie.<\/strong><\/span><span id=\"more-406995\"><\/span><\/p>\n<p>Ce ph\u00e9nom\u00e8ne aura lieu, du samedi au mardi, dans les provinces de Taroudant, Agadir Ida-Outanane, Inezgane-Ait Melloul, Guelmim, Tan-Tan, Smara, Oued Edddahab et Aousserd.<\/p>\n<p>Il est aussi attendu du dimanche au mardi \u00e0 Tata, Tiznit, Chtouka-Ait Baha, Assa-Zag, Sidi Ifni, La\u00e2youne, Boujdour et Tarfaya.<\/p>\n<\/div>\n<p>Auteur: ALM<br \/>\n<a href=\"https:\/\/aujourdhui.ma\/actualite\/alerte-meteo-vague-de-chaleur-prevue-du-samedi-au-mardi\">Cliquez ici pour lire l&rsquo;article depuis sa source.<\/a><\/p>\n","protected":false},"excerpt":{"rendered":"<p>Une vague de chaleur (38\/43\u00b0C) est pr\u00e9vue du samedi au mardi dans plusieurs provinces du Royaume, a annonc\u00e9 jeudi la Direction g\u00e9n\u00e9rale de la m\u00e9t\u00e9orologie. Ce ph\u00e9nom\u00e8ne aura lieu, du samedi au mardi, dans les provinces de Taroudant, Agadir Ida-Outanane, Inezgane-Ait Melloul, Guelmim, Tan-Tan, Smara, Oued Edddahab et Aousserd. Il est aussi attendu du dimanche [&hellip;]<\/p>\n","protected":false},"author":1759,"featured_media":0,"comment_status":"closed","ping_status":"closed","sticky":false,"template":"","format":"standard","meta":{"fifu_image_url":"https:\/\/aujourdhui.ma\/wp-content\/uploads\/2020\/07\/Meteo-Chaleur-300x153.jpg","fifu_image_alt":"Alerte m\u00e9t\u00e9o: Vague de chaleur pr\u00e9vue du samedi au mardi","footnotes":""},"categories":[73,54],"tags":[],"class_list":["post-146966","post","type-post","status-publish","format-standard","hentry","category-actualite","category-maroc"],"_links":{"self":[{"href":"https:\/\/linitiative.ca\/International\/wp-json\/wp\/v2\/posts\/146966","targetHints":{"allow":["GET"]}}],"collection":[{"href":"https:\/\/linitiative.ca\/International\/wp-json\/wp\/v2\/posts"}],"about":[{"href":"https:\/\/linitiative.ca\/International\/wp-json\/wp\/v2\/types\/post"}],"author":[{"embeddable":true,"href":"https:\/\/linitiative.ca\/International\/wp-json\/wp\/v2\/users\/1759"}],"replies":[{"embeddable":true,"href":"https:\/\/linitiative.ca\/International\/wp-json\/wp\/v2\/comments?post=146966"}],"version-history":[{"count":0,"href":"https:\/\/linitiative.ca\/International\/wp-json\/wp\/v2\/posts\/146966\/revisions"}],"wp:attachment":[{"href":"https:\/\/linitiative.ca\/International\/wp-json\/wp\/v2\/media?parent=146966"}],"wp:term":[{"taxonomy":"category","embeddable":true,"href":"https:\/\/linitiative.ca\/International\/wp-json\/wp\/v2\/categories?post=146966"},{"taxonomy":"post_tag","embeddable":true,"href":"https:\/\/linitiative.ca\/International\/wp-json\/wp\/v2\/tags?post=146966"}],"curies":[{"name":"wp","href":"https:\/\/api.w.org\/{rel}","templated":true}]}}