{"id":146968,"date":"2022-05-05T10:25:50","date_gmt":"2022-05-05T14:25:50","guid":{"rendered":"https:\/\/linitiative.ca\/International\/charte-nationale-du-dialogue-social-le-gouvernement-entame-une-nouvelle-phase-de-confiance-avec-les-syndicats\/"},"modified":"2022-05-05T10:25:50","modified_gmt":"2022-05-05T14:25:50","slug":"charte-nationale-du-dialogue-social-le-gouvernement-entame-une-nouvelle-phase-de-confiance-avec-les-syndicats","status":"publish","type":"post","link":"https:\/\/linitiative.ca\/International\/charte-nationale-du-dialogue-social-le-gouvernement-entame-une-nouvelle-phase-de-confiance-avec-les-syndicats\/","title":{"rendered":"Charte nationale du dialogue social: le gouvernement entame une nouvelle phase de confiance avec les syndicats"},"content":{"rendered":"<div>\n<p><img decoding=\"async\" width=\"300\" height=\"153\" src=\"https:\/\/linitiative.ca\/International\/wp-content\/uploads\/sites\/23\/2022\/05\/Conseil-du-gouvernement-300x153-1.jpg\" class=\"attachment-medium size-medium wp-post-image\" alt=\"\" loading=\"lazy\" srcset=\"https:\/\/linitiative.ca\/International\/wp-content\/uploads\/sites\/23\/2022\/05\/Conseil-du-gouvernement-300x153-1.jpg 300w, https:\/\/aujourdhui.ma\/wp-content\/uploads\/2022\/05\/Conseil-du-gouvernement-274x140.jpg 274w, https:\/\/aujourdhui.ma\/wp-content\/uploads\/2022\/05\/Conseil-du-gouvernement.jpg 746w, https:\/\/aujourdhui.ma\/wp-content\/uploads\/2022\/05\/Conseil-du-gouvernement-165x84.jpg 165w, https:\/\/aujourdhui.ma\/wp-content\/uploads\/2022\/05\/Conseil-du-gouvernement-702x358.jpg 702w\" sizes=\"auto, (max-width: 300px) 100vw, 300px\"><\/p>\n<p><span style=\"font-size: 20px; color: #800000;\"><strong>Avec la signature de la Charte nationale du dialogue social, le gouvernement a entam\u00e9 une nouvelle phase de confiance avec les syndicats, a affirm\u00e9, jeudi \u00e0 Rabat, le chef du gouvernement, Aziz Akhannouch.<\/strong><\/span><span id=\"more-406997\"><\/span><\/p>\n<p>S\u2019exprimant lors de la r\u00e9union du Conseil de gouvernement, M. Akhannouch a mis l\u2019accent sur l\u2019importance de la signature de cette charte en vue d\u2019institutionnaliser le dialogue social et d\u2019assurer sa fluidit\u00e9 et sa tenue de mani\u00e8re r\u00e9guli\u00e8re, en application des Hautes instructions de SM le Roi Mohammed VI, a affirm\u00e9 le ministre d\u00e9l\u00e9gu\u00e9 charg\u00e9 des Relations avec le parlement, Porte-parole du gouvernement, Mustapha Baitas, lors d\u2019un point de presse \u00e0 l\u2019issue de cette r\u00e9union.<\/p>\n<p>Le chef du gouvernement a aussi relev\u00e9 que l\u2019accord important sign\u00e9 le 30 avril avec les partenaires \u00e9conomiques et sociaux refl\u00e8te la d\u00e9termination du gouvernement \u00e0 honorer ses engagements relatifs au soutien du pouvoir d\u2019achat, au respect des droits de la classe laborieuse et au renforcement de la coop\u00e9ration avec ses partenaires, a ajout\u00e9 M. Baitas.<\/p>\n<\/div>\n<p>Auteur: ALM<br \/>\n<a href=\"https:\/\/aujourdhui.ma\/politique\/charte-nationale-du-dialogue-social-le-gouvernement-entame-une-nouvelle-phase-de-confiance-avec-les-syndicats\">Cliquez ici pour lire l&rsquo;article depuis sa source.<\/a><\/p>\n","protected":false},"excerpt":{"rendered":"<p>Avec la signature de la Charte nationale du dialogue social, le gouvernement a entam\u00e9 une nouvelle phase de confiance avec les syndicats, a affirm\u00e9, jeudi \u00e0 Rabat, le chef du gouvernement, Aziz Akhannouch. S\u2019exprimant lors de la r\u00e9union du Conseil de gouvernement, M. Akhannouch a mis l\u2019accent sur l\u2019importance de la signature de cette charte [&hellip;]<\/p>\n","protected":false},"author":1759,"featured_media":0,"comment_status":"closed","ping_status":"closed","sticky":false,"template":"","format":"standard","meta":{"fifu_image_url":"https:\/\/aujourdhui.ma\/wp-content\/uploads\/2022\/05\/Conseil-du-gouvernement-300x153.jpg","fifu_image_alt":"Charte nationale du dialogue social: le gouvernement entame une nouvelle phase de confiance avec les syndicats","footnotes":""},"categories":[73,54],"tags":[],"class_list":["post-146968","post","type-post","status-publish","format-standard","hentry","category-actualite","category-maroc"],"_links":{"self":[{"href":"https:\/\/linitiative.ca\/International\/wp-json\/wp\/v2\/posts\/146968","targetHints":{"allow":["GET"]}}],"collection":[{"href":"https:\/\/linitiative.ca\/International\/wp-json\/wp\/v2\/posts"}],"about":[{"href":"https:\/\/linitiative.ca\/International\/wp-json\/wp\/v2\/types\/post"}],"author":[{"embeddable":true,"href":"https:\/\/linitiative.ca\/International\/wp-json\/wp\/v2\/users\/1759"}],"replies":[{"embeddable":true,"href":"https:\/\/linitiative.ca\/International\/wp-json\/wp\/v2\/comments?post=146968"}],"version-history":[{"count":0,"href":"https:\/\/linitiative.ca\/International\/wp-json\/wp\/v2\/posts\/146968\/revisions"}],"wp:attachment":[{"href":"https:\/\/linitiative.ca\/International\/wp-json\/wp\/v2\/media?parent=146968"}],"wp:term":[{"taxonomy":"category","embeddable":true,"href":"https:\/\/linitiative.ca\/International\/wp-json\/wp\/v2\/categories?post=146968"},{"taxonomy":"post_tag","embeddable":true,"href":"https:\/\/linitiative.ca\/International\/wp-json\/wp\/v2\/tags?post=146968"}],"curies":[{"name":"wp","href":"https:\/\/api.w.org\/{rel}","templated":true}]}}