{"id":14697,"date":"2019-02-16T15:19:03","date_gmt":"2019-02-16T20:19:03","guid":{"rendered":"https:\/\/linitiative.ca\/International\/el-islah-contribuer-au-succes-du-scrutin\/"},"modified":"2019-02-16T15:19:03","modified_gmt":"2019-02-16T20:19:03","slug":"el-islah-contribuer-au-succes-du-scrutin","status":"publish","type":"post","link":"https:\/\/linitiative.ca\/International\/el-islah-contribuer-au-succes-du-scrutin\/","title":{"rendered":"El-Islah : contribuer au succ\u00e8s du scrutin"},"content":{"rendered":"<p>Le pr\u00e9sident du Mouvement El-Islah, Filali Ghouini, a r\u00e9affirm\u00e9 hier \u00e0 S\u00e9tif, le souci de sa formation politique de \u00abcontribuer efficacement\u00bb au succ\u00e8s de la prochaine \u00e9ch\u00e9ance pr\u00e9sidentielle et consentir ses efforts au profit du candidat, M. Abdelaziz Bouteflika, lit-t-on dans le communiqu\u00e9 de ce mouvement politique. Lors d&rsquo;un meeting, M. Ghouini a annonc\u00e9 l&rsquo;entame de l&rsquo;action sur le terrain, \u00e0 travers la distribution de formulaires de signature au niveau des bureaux de wilaya et l&rsquo;\u00e9laboration d&rsquo;un programme pour animer la campagne.<br \/>M. Ghouini a \u00e9galement soulign\u00e9 l&rsquo;engagement du Mouvement en participant \u00e0 toutes les activit\u00e9s qu&rsquo;organisent les partenaires, \u00abparmi ceux qui partagent la m\u00eame position\u00bb, a-t-il pr\u00e9cis\u00e9, et ce, en application des conclusions issues de la r\u00e9union de coordination qui a regroup\u00e9 le Directeur de campagne, Abdelmalek Sellal et les chefs des partis soutenant le candidat, Abdelaziz Bouteflika. R\u00e9it\u00e9rant la satisfaction de sa formation politique du message du Pr\u00e9sident de la R\u00e9publique adress\u00e9 \u00e0 la Nation, pour le programme qu&rsquo;il comportait, notamment le projet de la conf\u00e9rence nationale inclusive \u00e0 m\u00eame de regrouper l&rsquo;ensemble les acteurs sur la sc\u00e8ne nationale, M. Ghouini a soulign\u00e9 que le choix pour le candidat Bouteflika \u00abest le plus s\u00fbr\u00bb, \u00e9tant \u00able plus apte \u00e0 concr\u00e9tiser un consensus politique avec une large base populaire\u00bb.<\/p>\n<p>Auteur: elmoudjahid<br \/>\n<a href=\"http:\/\/www.elmoudjahid.com\/fr\/actualites\/133824\">Cliquez ici pour lire l&rsquo;article depuis sa source.<\/a><\/p>\n","protected":false},"excerpt":{"rendered":"<p>Le pr\u00e9sident du Mouvement El-Islah, Filali Ghouini, a r\u00e9affirm\u00e9 hier \u00e0 S\u00e9tif, le souci de sa formation politique de \u00abcontribuer efficacement\u00bb au succ\u00e8s de la prochaine \u00e9ch\u00e9ance pr\u00e9sidentielle et consentir ses efforts au profit du candidat, M. Abdelaziz Bouteflika, lit-t-on dans le communiqu\u00e9 de ce mouvement politique. Lors d&rsquo;un meeting, M. Ghouini a annonc\u00e9 l&rsquo;entame [&hellip;]<\/p>\n","protected":false},"author":1744,"featured_media":0,"comment_status":"closed","ping_status":"closed","sticky":false,"template":"","format":"standard","meta":{"fifu_image_url":"","fifu_image_alt":"","footnotes":""},"categories":[73,53],"tags":[],"class_list":["post-14697","post","type-post","status-publish","format-standard","hentry","category-actualite","category-algerie"],"_links":{"self":[{"href":"https:\/\/linitiative.ca\/International\/wp-json\/wp\/v2\/posts\/14697","targetHints":{"allow":["GET"]}}],"collection":[{"href":"https:\/\/linitiative.ca\/International\/wp-json\/wp\/v2\/posts"}],"about":[{"href":"https:\/\/linitiative.ca\/International\/wp-json\/wp\/v2\/types\/post"}],"author":[{"embeddable":true,"href":"https:\/\/linitiative.ca\/International\/wp-json\/wp\/v2\/users\/1744"}],"replies":[{"embeddable":true,"href":"https:\/\/linitiative.ca\/International\/wp-json\/wp\/v2\/comments?post=14697"}],"version-history":[{"count":0,"href":"https:\/\/linitiative.ca\/International\/wp-json\/wp\/v2\/posts\/14697\/revisions"}],"wp:attachment":[{"href":"https:\/\/linitiative.ca\/International\/wp-json\/wp\/v2\/media?parent=14697"}],"wp:term":[{"taxonomy":"category","embeddable":true,"href":"https:\/\/linitiative.ca\/International\/wp-json\/wp\/v2\/categories?post=14697"},{"taxonomy":"post_tag","embeddable":true,"href":"https:\/\/linitiative.ca\/International\/wp-json\/wp\/v2\/tags?post=14697"}],"curies":[{"name":"wp","href":"https:\/\/api.w.org\/{rel}","templated":true}]}}