{"id":14698,"date":"2019-02-16T15:19:05","date_gmt":"2019-02-16T20:19:05","guid":{"rendered":"https:\/\/linitiative.ca\/International\/ccommunaute-algerienne-de-france-appui-a-la-candidature-de-bouteflika\/"},"modified":"2019-02-16T15:19:05","modified_gmt":"2019-02-16T20:19:05","slug":"ccommunaute-algerienne-de-france-appui-a-la-candidature-de-bouteflika","status":"publish","type":"post","link":"https:\/\/linitiative.ca\/International\/ccommunaute-algerienne-de-france-appui-a-la-candidature-de-bouteflika\/","title":{"rendered":"Ccommunaut\u00e9 alg\u00e9rienne de France  : appui \u00e0 la candidature de Bouteflika"},"content":{"rendered":"<p>Le Collectif citoyen de la communaut\u00e9 alg\u00e9rienne \u00e9tabli en France a apport\u00e9 hier \u00e0 Paris son appui et son soutien \u00e0 la candidature d&rsquo;Abdelaziz Bouteflika pour l&rsquo;\u00e9lection pr\u00e9sidentielle pr\u00e9vue le 18 avril prochain. Le collectif, qui a r\u00e9uni son conseil central \u00e9largi au si\u00e8ge du Centre culturel alg\u00e9rien de Paris, a soulign\u00e9 qu&rsquo;il enregistre avec une \u00abgrande satisfaction\u00bb le contenu \u00abresponsable, sage et patriotique\u00bb du message \u00e0 la nation du pr\u00e9sident Bouteflika, dans lequel il a annonc\u00e9 sa candidature pour un nouveau mandat, notamment son \u00abattention particuli\u00e8re\u00bb en direction de la communaut\u00e9 alg\u00e9rienne \u00e9tablie \u00e0 l&rsquo;\u00e9tranger et \u00abla prise en charge de ses pr\u00e9occupations\u00bb et son \u00abimplication\u00bb dans le d\u00e9veloppement national. Compos\u00e9 de membres fondateurs, de membres du conseil central, de coordinateurs r\u00e9gionaux, de militants du mouvement associatif et des acteurs de la soci\u00e9t\u00e9 civile en France, le collectif a d\u00e9cid\u00e9 d&rsquo;apporter sur le terrain sa \u00abcontribution\u00bb dans le domaine de la sensibilisation, de la mobilisation pour \u00abgarantir une participation massive et consciente\u00bb \u00e0 l&rsquo;\u00e9lection pr\u00e9sidentielle. Pour les membres du conseil central \u00e9largi du collectif, \u00abl&rsquo;Alg\u00e9rie a besoin de la contribution de ses fils et \u00e0 leur t\u00eate, le moudjahid Abdelaziz Bouteflika, pour continuer de se construire dans la paix, la fraternit\u00e9, la s\u00e9curit\u00e9, la concorde et la stabilit\u00e9\u00bb, soutenant qu&rsquo;avec le pr\u00e9sident Bouteflika et \u00abpour l&rsquo;Alg\u00e9rie\u00bb, ils poursuivront \u00abl&rsquo;\u00e9dification dans la fid\u00e9lit\u00e9\u00bb. Par ailleurs, au cours de ses travaux, le collectif a examin\u00e9, outre la prochaine \u00e9lection pr\u00e9sidentielle, sa structuration organique et son programme trimestriel. Les pr\u00e9sents \u00e0 cette r\u00e9union ont convenu, dans ce cadre, d&rsquo;un programme organique pour mettre en place des structures au niveau des r\u00e9gions de France, selon le d\u00e9coupage consulaire alg\u00e9rien dans ce pays pour une \u00abmeilleure prise en charge\u00bb des probl\u00e8mes de la communaut\u00e9. Ils ont \u00e9galement d\u00e9cid\u00e9 de s&rsquo;investir \u00abtotalement\u00bb et d&rsquo;\u0153uvrer \u00absans rel\u00e2che\u00bb au renforcement des liens avec l&rsquo;Alg\u00e9rie, en d\u00e9veloppant des actions \u00abmultiples\u00bb de rapprochement et de coordination avec la soci\u00e9t\u00e9 civile nationale en Alg\u00e9rie et en \u00e9tablissant des passerelles \u00abpermanentes\u00bb. Dans son intervention, le pr\u00e9sident du conseil national citoyen, Mohamed Mahrez Lamari, a indiqu\u00e9 que le collectif va initier et d\u00e9velopper des actions allant dans le sens du renforcement des liens des membres de la communaut\u00e9 nationale \u00e9tablie en France avec le pays, soulignant qu&rsquo;avec de nouvelles structures, le collectif sera \u00abplus performant\u00bb.<br \/>\u00a0<br \/><strong>Journ\u00e9e d\u2019information \u00e0 l\u2019Ambassade\u00a0<\/strong><\/p>\n<p>Le minist\u00e8re des Affaires \u00e9trang\u00e8res organise aujourd\u2019hui, au si\u00e8ge de l\u2019ambassade d\u2019Alg\u00e9rie \u00e0 Paris, une journ\u00e9e d\u2019information et de travail sur l\u2019organisation et le d\u00e9roulement des op\u00e9rations \u00e9lectorales \u00e0 l\u2019\u00e9tranger, dans le cadre des pr\u00e9paratifs de l\u2019\u00e9lection pr\u00e9sidentielle du 18 avril prochain, indique un communiqu\u00e9 de ce minist\u00e8re. \u00abPr\u00e9sid\u00e9e par le secr\u00e9taire g\u00e9n\u00e9ral du minist\u00e8re des Affaires \u00e9trang\u00e8res et le secr\u00e9taire g\u00e9n\u00e9ral du minist\u00e8re de l\u2019Int\u00e9rieur, des Collectivit\u00e9s locales et de l\u2019Am\u00e9nagement du Territoire, cette r\u00e9union verra la pr\u00e9sence de l\u2019ambassadeur d\u2019Alg\u00e9rie en France et de tous les chefs de postes consulaires alg\u00e9riens en Europe\u00bb, pr\u00e9cise le communiqu\u00e9. Elle portera \u00abprincipalement sur la mise au point des modalit\u00e9s de d\u00e9roulement de cette importante \u00e9ch\u00e9ance \u00e9lectorale, r\u00e9pondant ainsi au souci des pouvoirs publics de r\u00e9unir toutes les conditions n\u00e9cessaires pour que le scrutin puisse se d\u00e9rouler dans les meilleures conditions\u00bb, souligne la m\u00eame source. Cette r\u00e9union \u00abs\u2019inscrit \u00e9galement dans le cadre des efforts de l\u2019Etat alg\u00e9rien visant la mobilisation de tous les moyens mat\u00e9riels, financiers et humains n\u00e9cessaires \u00e0 la mobilisation et \u00e0 la sensibilisation de nos concitoyens vivant \u00e0 l\u2019\u00e9tranger et \u00e0 la r\u00e9union des conditions leur permettant d\u2019exercer librement leur droit \u00e9lectoral\u00bb. Pour rappel, \u00ables nationaux r\u00e9sidant \u00e0 l\u2019\u00e9tranger b\u00e9n\u00e9ficient, conform\u00e9ment aux dispositions pertinentes des textes portant r\u00e9gime \u00e9lectoral et au m\u00eame titre que leurs concitoyens en Alg\u00e9rie, du droit de vote. A cet effet, le minist\u00e8re des Affaires \u00e9trang\u00e8res est charg\u00e9 de prendre les dispositions r\u00e9glementaires, l\u00e9gales et les mesures mat\u00e9rielles et techniques leur permettant d\u2019exercer ce droit dans les meilleures conditions\u00bb, ajoute le communiqu\u00e9.<\/p>\n<p>Auteur: elmoudjahid<br \/>\n<a href=\"http:\/\/www.elmoudjahid.com\/fr\/actualites\/133825\">Cliquez ici pour lire l&rsquo;article depuis sa source.<\/a><\/p>\n","protected":false},"excerpt":{"rendered":"<p>Le Collectif citoyen de la communaut\u00e9 alg\u00e9rienne \u00e9tabli en France a apport\u00e9 hier \u00e0 Paris son appui et son soutien \u00e0 la candidature d&rsquo;Abdelaziz Bouteflika pour l&rsquo;\u00e9lection pr\u00e9sidentielle pr\u00e9vue le 18 avril prochain. Le collectif, qui a r\u00e9uni son conseil central \u00e9largi au si\u00e8ge du Centre culturel alg\u00e9rien de Paris, a soulign\u00e9 qu&rsquo;il enregistre avec [&hellip;]<\/p>\n","protected":false},"author":1744,"featured_media":0,"comment_status":"closed","ping_status":"closed","sticky":false,"template":"","format":"standard","meta":{"fifu_image_url":"","fifu_image_alt":"","footnotes":""},"categories":[73,53],"tags":[],"class_list":["post-14698","post","type-post","status-publish","format-standard","hentry","category-actualite","category-algerie"],"_links":{"self":[{"href":"https:\/\/linitiative.ca\/International\/wp-json\/wp\/v2\/posts\/14698","targetHints":{"allow":["GET"]}}],"collection":[{"href":"https:\/\/linitiative.ca\/International\/wp-json\/wp\/v2\/posts"}],"about":[{"href":"https:\/\/linitiative.ca\/International\/wp-json\/wp\/v2\/types\/post"}],"author":[{"embeddable":true,"href":"https:\/\/linitiative.ca\/International\/wp-json\/wp\/v2\/users\/1744"}],"replies":[{"embeddable":true,"href":"https:\/\/linitiative.ca\/International\/wp-json\/wp\/v2\/comments?post=14698"}],"version-history":[{"count":0,"href":"https:\/\/linitiative.ca\/International\/wp-json\/wp\/v2\/posts\/14698\/revisions"}],"wp:attachment":[{"href":"https:\/\/linitiative.ca\/International\/wp-json\/wp\/v2\/media?parent=14698"}],"wp:term":[{"taxonomy":"category","embeddable":true,"href":"https:\/\/linitiative.ca\/International\/wp-json\/wp\/v2\/categories?post=14698"},{"taxonomy":"post_tag","embeddable":true,"href":"https:\/\/linitiative.ca\/International\/wp-json\/wp\/v2\/tags?post=14698"}],"curies":[{"name":"wp","href":"https:\/\/api.w.org\/{rel}","templated":true}]}}