{"id":146982,"date":"2022-05-05T10:23:25","date_gmt":"2022-05-05T14:23:25","guid":{"rendered":"https:\/\/linitiative.ca\/International\/mre-les-transferts-a-pres-de-23-mmdh-au-t1-2022\/"},"modified":"2022-05-05T10:23:25","modified_gmt":"2022-05-05T14:23:25","slug":"mre-les-transferts-a-pres-de-23-mmdh-au-t1-2022","status":"publish","type":"post","link":"https:\/\/linitiative.ca\/International\/mre-les-transferts-a-pres-de-23-mmdh-au-t1-2022\/","title":{"rendered":"MRE: les transferts \u00e0 pr\u00e8s de 23 MMDH au T1-2022"},"content":{"rendered":"<div>\n<div style=\"margin-bottom:20px;\"><img loading=\"lazy\" decoding=\"async\" width=\"750\" height=\"430\" src=\"https:\/\/linitiative.ca\/International\/wp-content\/uploads\/sites\/23\/2022\/05\/office-des-changes-1.jpg\" class=\"attachment-post-thumbnail size-post-thumbnail wp-post-image\" alt=\"\" srcset=\"https:\/\/linitiative.ca\/International\/wp-content\/uploads\/sites\/23\/2022\/05\/office-des-changes-1.jpg 750w, https:\/\/www.mapmarrakech.ma\/map\/uploads\/2021\/12\/office-des-changes-1-300x172.jpg 300w\" sizes=\"auto, (max-width: 750px) 100vw, 750px\"><\/div>\n<p>Ces transferts ont affich\u00e9 une croissance de 8,3%, soit +1,76 MMDH par rapport \u00e0 la m\u00eame p\u00e9riode de l\u2019ann\u00e9e \u00e9coul\u00e9e, pr\u00e9cise l\u2019Office dans sa r\u00e9cente note sur les indicateurs mensuels des \u00e9changes ext\u00e9rieurs.<\/p>\n<p>Comparativement \u00e0 leur niveau de 2018, ces transferts ont grimp\u00e9 de plus de 6,9 MMDH, fait savoir la m\u00eame source.<\/p>\n<p>Rappelons-le, ladite note fait \u00e9tat d\u2019une hausse du d\u00e9ficit commercial de 42,9% \u00e0 65,57 MMDH, avec une progression des importations de 34,1% \u00e0 165,55 MMDH et des exportations de 29% \u00e0 99,98 MMDH.<\/p>\n<p>Elle indique aussi que le flux des investissements directs \u00e9trangers (IDE) ont augment\u00e9 de 56% \u00e0 3,86 MMDH \u00e0 fin mars dernier.<\/p>\n<p>The post <a rel=\"nofollow\" href=\"https:\/\/www.mapmarrakech.ma\/fr\/mre-les-transferts-a-pres-de-23-mmdh-au-t1-2022\/\">MRE: les transferts \u00e0 pr\u00e8s de 23 MMDH au T1-2022<\/a> appeared first on <a rel=\"nofollow\" href=\"https:\/\/www.mapmarrakech.ma\/fr\">MapMarrakech<\/a>.<\/p>\n<\/div>\n<p>Auteur: Meriem IGASS<br \/>\n<a href=\"https:\/\/www.mapmarrakech.ma\/fr\/mre-les-transferts-a-pres-de-23-mmdh-au-t1-2022\/\">Cliquez ici pour lire l&rsquo;article depuis sa source.<\/a><\/p>\n","protected":false},"excerpt":{"rendered":"<p>Ces transferts ont affich\u00e9 une croissance de 8,3%, soit +1,76 MMDH par rapport \u00e0 la m\u00eame p\u00e9riode de l\u2019ann\u00e9e \u00e9coul\u00e9e, pr\u00e9cise l\u2019Office dans sa r\u00e9cente note sur les indicateurs mensuels des \u00e9changes ext\u00e9rieurs. Comparativement \u00e0 leur niveau de 2018, ces transferts ont grimp\u00e9 de plus de 6,9 MMDH, fait savoir la m\u00eame source. Rappelons-le, ladite [&hellip;]<\/p>\n","protected":false},"author":1788,"featured_media":0,"comment_status":"closed","ping_status":"closed","sticky":false,"template":"","format":"standard","meta":{"fifu_image_url":"https:\/\/www.mapmarrakech.ma\/map\/uploads\/2021\/12\/office-des-changes-1.jpg","fifu_image_alt":"MRE: les transferts \u00e0 pr\u00e8s de 23 MMDH au T1-2022","footnotes":""},"categories":[54,76],"tags":[],"class_list":["post-146982","post","type-post","status-publish","format-standard","hentry","category-maroc","category-regions"],"_links":{"self":[{"href":"https:\/\/linitiative.ca\/International\/wp-json\/wp\/v2\/posts\/146982","targetHints":{"allow":["GET"]}}],"collection":[{"href":"https:\/\/linitiative.ca\/International\/wp-json\/wp\/v2\/posts"}],"about":[{"href":"https:\/\/linitiative.ca\/International\/wp-json\/wp\/v2\/types\/post"}],"author":[{"embeddable":true,"href":"https:\/\/linitiative.ca\/International\/wp-json\/wp\/v2\/users\/1788"}],"replies":[{"embeddable":true,"href":"https:\/\/linitiative.ca\/International\/wp-json\/wp\/v2\/comments?post=146982"}],"version-history":[{"count":0,"href":"https:\/\/linitiative.ca\/International\/wp-json\/wp\/v2\/posts\/146982\/revisions"}],"wp:attachment":[{"href":"https:\/\/linitiative.ca\/International\/wp-json\/wp\/v2\/media?parent=146982"}],"wp:term":[{"taxonomy":"category","embeddable":true,"href":"https:\/\/linitiative.ca\/International\/wp-json\/wp\/v2\/categories?post=146982"},{"taxonomy":"post_tag","embeddable":true,"href":"https:\/\/linitiative.ca\/International\/wp-json\/wp\/v2\/tags?post=146982"}],"curies":[{"name":"wp","href":"https:\/\/api.w.org\/{rel}","templated":true}]}}