{"id":146984,"date":"2022-05-05T10:31:52","date_gmt":"2022-05-05T14:31:52","guid":{"rendered":"https:\/\/linitiative.ca\/International\/previsions-meteorologiques-pour-le-vendredi-06-mai-2022\/"},"modified":"2022-05-05T10:31:52","modified_gmt":"2022-05-05T14:31:52","slug":"previsions-meteorologiques-pour-le-vendredi-06-mai-2022","status":"publish","type":"post","link":"https:\/\/linitiative.ca\/International\/previsions-meteorologiques-pour-le-vendredi-06-mai-2022\/","title":{"rendered":"Pr\u00e9visions m\u00e9t\u00e9orologiques pour le vendredi 06 mai 2022"},"content":{"rendered":"<div>\n<div style=\"margin-bottom:20px;\"><img loading=\"lazy\" decoding=\"async\" width=\"750\" height=\"430\" src=\"https:\/\/linitiative.ca\/International\/wp-content\/uploads\/sites\/23\/2022\/05\/soleil-1.jpg\" class=\"attachment-post-thumbnail size-post-thumbnail wp-post-image\" alt=\"\" srcset=\"https:\/\/linitiative.ca\/International\/wp-content\/uploads\/sites\/23\/2022\/05\/soleil-1.jpg 750w, https:\/\/www.mapmarrakech.ma\/map\/uploads\/2022\/05\/soleil-1-300x172.jpg 300w\" sizes=\"auto, (max-width: 750px) 100vw, 750px\"><\/div>\n<p>\u2013 Formations brumeuses ou bruines locales sur les plaines nord et centre et le nord des provinces du Sud.<\/p>\n<p>\u2013 Nages instables avec risque d\u2019averses orageuses locales l\u2019apr\u00e8s-midi sur les Haut et Moyen Atlas et leurs versants est et le Rif.<\/p>\n<p>\u2013 Temps stable sur le reste du Royaume.<\/p>\n<p>\u2013 Vent faible \u00e0 mod\u00e9r\u00e9 de secteur nord pr\u00e9dominant sur le pays.<\/p>\n<p>\u2013 Temp\u00e9ratures minimales de l\u2019ordre de 04\/09\u00b0C sur l\u2019Atlas, le Rif et l\u2019Oriental, 09\/14\u00b0C sur le saiss, la M\u00e9diterranee et les plaines nord, 20\/25\u00b0C sur l\u2019extr\u00eame sud du pays et de 14\/19\u00b0C partout ailleurs.<\/p>\n<p>\u2013 Temp\u00e9ratures maximales en hausse.<\/p>\n<p>\u2013 Mer belle \u00e0 peu agit\u00e9e en M\u00e9diterran\u00e9e et sur le D\u00e9troit, peu agit\u00e9e entre Cap Spartel et Casablanca et peu agit\u00e9e \u00e0 agit\u00e9e ailleurs.<\/p>\n<p>The post <a rel=\"nofollow\" href=\"https:\/\/www.mapmarrakech.ma\/fr\/previsions-meteorologiques-pour-le-vendredi-06-mai-2022\/\">Pr\u00e9visions m\u00e9t\u00e9orologiques pour le vendredi 06 mai 2022<\/a> appeared first on <a rel=\"nofollow\" href=\"https:\/\/www.mapmarrakech.ma\/fr\">MapMarrakech<\/a>.<\/p>\n<\/div>\n<p>Auteur: Meriem IGASS<br \/>\n<a href=\"https:\/\/www.mapmarrakech.ma\/fr\/previsions-meteorologiques-pour-le-vendredi-06-mai-2022\/\">Cliquez ici pour lire l&rsquo;article depuis sa source.<\/a><\/p>\n","protected":false},"excerpt":{"rendered":"<p>\u2013 Formations brumeuses ou bruines locales sur les plaines nord et centre et le nord des provinces du Sud. \u2013 Nages instables avec risque d\u2019averses orageuses locales l\u2019apr\u00e8s-midi sur les Haut et Moyen Atlas et leurs versants est et le Rif. \u2013 Temps stable sur le reste du Royaume. \u2013 Vent faible \u00e0 mod\u00e9r\u00e9 de [&hellip;]<\/p>\n","protected":false},"author":1788,"featured_media":0,"comment_status":"closed","ping_status":"closed","sticky":false,"template":"","format":"standard","meta":{"fifu_image_url":"https:\/\/www.mapmarrakech.ma\/map\/uploads\/2022\/05\/soleil-1.jpg","fifu_image_alt":"Pr\u00e9visions m\u00e9t\u00e9orologiques pour le vendredi 06 mai 2022","footnotes":""},"categories":[54,76],"tags":[],"class_list":["post-146984","post","type-post","status-publish","format-standard","hentry","category-maroc","category-regions"],"_links":{"self":[{"href":"https:\/\/linitiative.ca\/International\/wp-json\/wp\/v2\/posts\/146984","targetHints":{"allow":["GET"]}}],"collection":[{"href":"https:\/\/linitiative.ca\/International\/wp-json\/wp\/v2\/posts"}],"about":[{"href":"https:\/\/linitiative.ca\/International\/wp-json\/wp\/v2\/types\/post"}],"author":[{"embeddable":true,"href":"https:\/\/linitiative.ca\/International\/wp-json\/wp\/v2\/users\/1788"}],"replies":[{"embeddable":true,"href":"https:\/\/linitiative.ca\/International\/wp-json\/wp\/v2\/comments?post=146984"}],"version-history":[{"count":0,"href":"https:\/\/linitiative.ca\/International\/wp-json\/wp\/v2\/posts\/146984\/revisions"}],"wp:attachment":[{"href":"https:\/\/linitiative.ca\/International\/wp-json\/wp\/v2\/media?parent=146984"}],"wp:term":[{"taxonomy":"category","embeddable":true,"href":"https:\/\/linitiative.ca\/International\/wp-json\/wp\/v2\/categories?post=146984"},{"taxonomy":"post_tag","embeddable":true,"href":"https:\/\/linitiative.ca\/International\/wp-json\/wp\/v2\/tags?post=146984"}],"curies":[{"name":"wp","href":"https:\/\/api.w.org\/{rel}","templated":true}]}}