{"id":146986,"date":"2022-05-05T10:43:42","date_gmt":"2022-05-05T14:43:42","guid":{"rendered":"https:\/\/linitiative.ca\/International\/vague-de-chaleur-prevue-du-samedi-au-mardi-dans-plusieurs-provinces\/"},"modified":"2022-05-05T10:43:42","modified_gmt":"2022-05-05T14:43:42","slug":"vague-de-chaleur-prevue-du-samedi-au-mardi-dans-plusieurs-provinces","status":"publish","type":"post","link":"https:\/\/linitiative.ca\/International\/vague-de-chaleur-prevue-du-samedi-au-mardi-dans-plusieurs-provinces\/","title":{"rendered":"Vague de chaleur pr\u00e9vue du samedi au mardi dans plusieurs provinces"},"content":{"rendered":"<div>\n<div style=\"margin-bottom:20px;\"><img loading=\"lazy\" decoding=\"async\" width=\"750\" height=\"430\" src=\"https:\/\/linitiative.ca\/International\/wp-content\/uploads\/sites\/23\/2022\/05\/soleil-1-1.jpg\" class=\"attachment-post-thumbnail size-post-thumbnail wp-post-image\" alt=\"\" srcset=\"https:\/\/linitiative.ca\/International\/wp-content\/uploads\/sites\/23\/2022\/05\/soleil-1-1.jpg 750w, https:\/\/www.mapmarrakech.ma\/map\/uploads\/2022\/01\/soleil-1-300x172.jpg 300w\" sizes=\"auto, (max-width: 750px) 100vw, 750px\"><\/div>\n<p>Ce ph\u00e9nom\u00e8ne aura lieu, du samedi au mardi, dans les provinces de Taroudant, Agadir Ida-Outanane, Inezgane-Ait Melloul, Guelmim, Tan-Tan, Smara, Oued Edddahab et Aousserd.<\/p>\n<p>Il est aussi attendu du dimanche au mardi \u00e0 Tata, Tiznit, Chtouka-Ait Baha, Assa-Zag, Sidi Ifni, La\u00e2youne, Boujdour et Tarfaya.<\/p>\n<p>The post <a rel=\"nofollow\" href=\"https:\/\/www.mapmarrakech.ma\/fr\/vague-de-chaleur-prevue-du-samedi-au-mardi-dans-plusieurs-provinces\/\">Vague de chaleur pr\u00e9vue du samedi au mardi dans plusieurs provinces<\/a> appeared first on <a rel=\"nofollow\" href=\"https:\/\/www.mapmarrakech.ma\/fr\">MapMarrakech<\/a>.<\/p>\n<\/div>\n<p>Auteur: Meriem IGASS<br \/>\n<a href=\"https:\/\/www.mapmarrakech.ma\/fr\/vague-de-chaleur-prevue-du-samedi-au-mardi-dans-plusieurs-provinces\/\">Cliquez ici pour lire l&rsquo;article depuis sa source.<\/a><\/p>\n","protected":false},"excerpt":{"rendered":"<p>Ce ph\u00e9nom\u00e8ne aura lieu, du samedi au mardi, dans les provinces de Taroudant, Agadir Ida-Outanane, Inezgane-Ait Melloul, Guelmim, Tan-Tan, Smara, Oued Edddahab et Aousserd. Il est aussi attendu du dimanche au mardi \u00e0 Tata, Tiznit, Chtouka-Ait Baha, Assa-Zag, Sidi Ifni, La\u00e2youne, Boujdour et Tarfaya. The post Vague de chaleur pr\u00e9vue du samedi au mardi dans [&hellip;]<\/p>\n","protected":false},"author":1788,"featured_media":0,"comment_status":"closed","ping_status":"closed","sticky":false,"template":"","format":"standard","meta":{"fifu_image_url":"https:\/\/www.mapmarrakech.ma\/map\/uploads\/2022\/01\/soleil-1.jpg","fifu_image_alt":"Vague de chaleur pr\u00e9vue du samedi au mardi dans plusieurs provinces","footnotes":""},"categories":[54,76],"tags":[],"class_list":["post-146986","post","type-post","status-publish","format-standard","hentry","category-maroc","category-regions"],"_links":{"self":[{"href":"https:\/\/linitiative.ca\/International\/wp-json\/wp\/v2\/posts\/146986","targetHints":{"allow":["GET"]}}],"collection":[{"href":"https:\/\/linitiative.ca\/International\/wp-json\/wp\/v2\/posts"}],"about":[{"href":"https:\/\/linitiative.ca\/International\/wp-json\/wp\/v2\/types\/post"}],"author":[{"embeddable":true,"href":"https:\/\/linitiative.ca\/International\/wp-json\/wp\/v2\/users\/1788"}],"replies":[{"embeddable":true,"href":"https:\/\/linitiative.ca\/International\/wp-json\/wp\/v2\/comments?post=146986"}],"version-history":[{"count":0,"href":"https:\/\/linitiative.ca\/International\/wp-json\/wp\/v2\/posts\/146986\/revisions"}],"wp:attachment":[{"href":"https:\/\/linitiative.ca\/International\/wp-json\/wp\/v2\/media?parent=146986"}],"wp:term":[{"taxonomy":"category","embeddable":true,"href":"https:\/\/linitiative.ca\/International\/wp-json\/wp\/v2\/categories?post=146986"},{"taxonomy":"post_tag","embeddable":true,"href":"https:\/\/linitiative.ca\/International\/wp-json\/wp\/v2\/tags?post=146986"}],"curies":[{"name":"wp","href":"https:\/\/api.w.org\/{rel}","templated":true}]}}