{"id":146988,"date":"2022-05-05T10:58:57","date_gmt":"2022-05-05T14:58:57","guid":{"rendered":"https:\/\/linitiative.ca\/International\/approbation-du-budget-2022-et-plusieurs-conventions-de-partenariat\/"},"modified":"2022-05-05T10:58:57","modified_gmt":"2022-05-05T14:58:57","slug":"approbation-du-budget-2022-et-plusieurs-conventions-de-partenariat","status":"publish","type":"post","link":"https:\/\/linitiative.ca\/International\/approbation-du-budget-2022-et-plusieurs-conventions-de-partenariat\/","title":{"rendered":"Approbation du budget 2022 et plusieurs conventions de partenariat"},"content":{"rendered":"<div>\n<div style=\"margin-bottom:20px;\"><img loading=\"lazy\" decoding=\"async\" width=\"750\" height=\"430\" src=\"https:\/\/linitiative.ca\/International\/wp-content\/uploads\/sites\/23\/2022\/05\/conseil-provincial-Essaouira-copier.jpg\" class=\"attachment-post-thumbnail size-post-thumbnail wp-post-image\" alt=\"\" srcset=\"https:\/\/linitiative.ca\/International\/wp-content\/uploads\/sites\/23\/2022\/05\/conseil-provincial-Essaouira-copier.jpg 750w, https:\/\/www.mapmarrakech.ma\/map\/uploads\/2021\/09\/conseil-provincial-Essaouira-copier-300x172.jpg 300w\" sizes=\"auto, (max-width: 750px) 100vw, 750px\"><\/div>\n<p>Lors de cette r\u00e9union, pr\u00e9sid\u00e9e par Kabir Ma\u00e2chi, pr\u00e9sident du conseil, en pr\u00e9sence du secr\u00e9taire g\u00e9n\u00e9ral de la pr\u00e9fecture de la province et des membres de cette instance \u00e9lue, il a \u00e9t\u00e9 proc\u00e9d\u00e9 \u00e0 l\u2019examen et \u00e0 l\u2019adoption d\u2019un projet de convention relative \u00e0 la gestion des v\u00e9hicules de transport scolaire dans les communes relevant de la province.<\/p>\n<p>Dans ce sillage, les membres du conseil ont valid\u00e9 une convention conclue avec la commune d\u2019Aguerd et l\u2019Association de transport scolaire et socio-professionnel et le Complexe sportif \u00e0 Aguerd, pour la gestion des v\u00e9hicules de transport scolaire dans ladite collectivit\u00e9 territoriale.<\/p>\n<p>Les membres du conseil ont \u00e9galement approuv\u00e9 une convention se rapportant \u00e0 l\u2019appui et \u00e0 l\u2019accompagnement du secteur de la sant\u00e9 \u00e0 l\u2019\u00e9chelle de la province, sign\u00e9e entre le Comit\u00e9 provincial du D\u00e9veloppement humain (CPDH), le conseil provincial, la D\u00e9l\u00e9gation provinciale de la Sant\u00e9 et de la Protection sociale, l\u2019ANDZOA, l\u2019ANAPEC et l\u2019association Sanad pour le soutien du secteur de la sant\u00e9 publique dans la province d\u2019Essaouira.<\/p>\n<p>L\u2019instance \u00e9lue a approuv\u00e9 aussi une convention de partenariat entre le conseil, le CPDH et la d\u00e9l\u00e9gation provinciale de la sant\u00e9 et de la protection sociale, pour l\u2019acquisition de quatre ambulances d\u00e9di\u00e9es \u00e0 l\u2019appui \u00e0 la sant\u00e9 de la m\u00e8re et de l\u2019enfant au niveau de la province.<\/p>\n<p>Il s\u2019agit, en outre, d\u2019une convention conclue entre le conseil, le CPDH, la D\u00e9l\u00e9gation provinciale de la Sant\u00e9 et de la Protection sociale et l\u2019ANDZOA, pour l\u2019\u00e9quipement des maisons d\u2019accouchement dans les communes de Had Dra, Bizdad et Taftachet.<\/p>\n<p>A cette occasion, une convention de partenariat entre le CPDH, le conseil provincial, la d\u00e9l\u00e9gation provinciale de l\u2019entraide nationale et l\u2019ANDZOA, portant sur la mise \u00e0 niveau et l\u2019\u00e9quipement de Dour Talib et Taliba, a \u00e9t\u00e9 \u00e9galement approuv\u00e9e.<\/p>\n<p>Au cours de cette session, il a \u00e9t\u00e9, d\u2019autre part, proc\u00e9d\u00e9 \u00e0 l\u2019approbation d\u2019une convention inh\u00e9rente \u00e0 la mise \u00e0 niveau et \u00e0 l\u2019\u00e9quipement d\u2019un centre r\u00e9serv\u00e9 aux entreprises dans le lotissement d\u2019Argana, conclue entre le CPDH, le conseil provincial, la commune d\u2019Essaouira et la soci\u00e9t\u00e9 MTIC TECHNOPARK Maroc.<\/p>\n<p>Par ailleurs, les membres dudit conseil ont valid\u00e9, apr\u00e8s examen, des transferts de cr\u00e9dits du budget consacr\u00e9 \u00e0 l\u2019\u00e9quipement ainsi que la cr\u00e9ation d\u2019une instance de parit\u00e9, d\u2019\u00e9galit\u00e9 des chances et d\u2019approche genre.<\/p>\n<p>The post <a rel=\"nofollow\" href=\"https:\/\/www.mapmarrakech.ma\/fr\/approbation-du-budget-2022-et-plusieurs-conventions-de-partenariat\/\">Approbation du budget 2022 et plusieurs conventions de partenariat<\/a> appeared first on <a rel=\"nofollow\" href=\"https:\/\/www.mapmarrakech.ma\/fr\">MapMarrakech<\/a>.<\/p>\n<\/div>\n<p>Auteur: Meriem IGASS<br \/>\n<a href=\"https:\/\/www.mapmarrakech.ma\/fr\/approbation-du-budget-2022-et-plusieurs-conventions-de-partenariat\/\">Cliquez ici pour lire l&rsquo;article depuis sa source.<\/a><\/p>\n","protected":false},"excerpt":{"rendered":"<p>Lors de cette r\u00e9union, pr\u00e9sid\u00e9e par Kabir Ma\u00e2chi, pr\u00e9sident du conseil, en pr\u00e9sence du secr\u00e9taire g\u00e9n\u00e9ral de la pr\u00e9fecture de la province et des membres de cette instance \u00e9lue, il a \u00e9t\u00e9 proc\u00e9d\u00e9 \u00e0 l\u2019examen et \u00e0 l\u2019adoption d\u2019un projet de convention relative \u00e0 la gestion des v\u00e9hicules de transport scolaire dans les communes relevant [&hellip;]<\/p>\n","protected":false},"author":1788,"featured_media":0,"comment_status":"closed","ping_status":"closed","sticky":false,"template":"","format":"standard","meta":{"fifu_image_url":"https:\/\/www.mapmarrakech.ma\/map\/uploads\/2021\/09\/conseil-provincial-Essaouira-copier.jpg","fifu_image_alt":"Approbation du budget 2022 et plusieurs conventions de partenariat","footnotes":""},"categories":[54,76],"tags":[],"class_list":["post-146988","post","type-post","status-publish","format-standard","hentry","category-maroc","category-regions"],"_links":{"self":[{"href":"https:\/\/linitiative.ca\/International\/wp-json\/wp\/v2\/posts\/146988","targetHints":{"allow":["GET"]}}],"collection":[{"href":"https:\/\/linitiative.ca\/International\/wp-json\/wp\/v2\/posts"}],"about":[{"href":"https:\/\/linitiative.ca\/International\/wp-json\/wp\/v2\/types\/post"}],"author":[{"embeddable":true,"href":"https:\/\/linitiative.ca\/International\/wp-json\/wp\/v2\/users\/1788"}],"replies":[{"embeddable":true,"href":"https:\/\/linitiative.ca\/International\/wp-json\/wp\/v2\/comments?post=146988"}],"version-history":[{"count":0,"href":"https:\/\/linitiative.ca\/International\/wp-json\/wp\/v2\/posts\/146988\/revisions"}],"wp:attachment":[{"href":"https:\/\/linitiative.ca\/International\/wp-json\/wp\/v2\/media?parent=146988"}],"wp:term":[{"taxonomy":"category","embeddable":true,"href":"https:\/\/linitiative.ca\/International\/wp-json\/wp\/v2\/categories?post=146988"},{"taxonomy":"post_tag","embeddable":true,"href":"https:\/\/linitiative.ca\/International\/wp-json\/wp\/v2\/tags?post=146988"}],"curies":[{"name":"wp","href":"https:\/\/api.w.org\/{rel}","templated":true}]}}