{"id":146990,"date":"2022-05-05T14:08:37","date_gmt":"2022-05-05T18:08:37","guid":{"rendered":"https:\/\/linitiative.ca\/International\/le-chomage-recule-a-121-au-t1-2022\/"},"modified":"2022-05-05T14:08:37","modified_gmt":"2022-05-05T18:08:37","slug":"le-chomage-recule-a-121-au-t1-2022","status":"publish","type":"post","link":"https:\/\/linitiative.ca\/International\/le-chomage-recule-a-121-au-t1-2022\/","title":{"rendered":"Le ch\u00f4mage recule \u00e0 12,1% au T1-2022"},"content":{"rendered":"<div>\n<div style=\"margin-bottom:20px;\"><img loading=\"lazy\" decoding=\"async\" width=\"750\" height=\"430\" src=\"https:\/\/linitiative.ca\/International\/wp-content\/uploads\/sites\/23\/2022\/05\/HCP-1.jpg\" class=\"attachment-post-thumbnail size-post-thumbnail wp-post-image\" alt=\"\" srcset=\"https:\/\/linitiative.ca\/International\/wp-content\/uploads\/sites\/23\/2022\/05\/HCP-1.jpg 750w, https:\/\/www.mapmarrakech.ma\/map\/uploads\/2021\/08\/HCP-1-300x172.jpg 300w\" sizes=\"auto, (max-width: 750px) 100vw, 750px\"><\/div>\n<p>Ce taux a enregistr\u00e9 une baisse aussi bien en milieu rural qu\u2019en milieu urbain de 5,3% \u00e0 5,1% et de 17,1% \u00e0 16,3%, respectivement, pr\u00e9cise le HCP qui vient de publier une note d\u2019information relative \u00e0 la situation du march\u00e9 du travail au 1er trimestre 2022.<\/p>\n<p>Ladite note fait aussi ressortir que le nombre de ch\u00f4meurs a baiss\u00e9 de 68.000 personnes entre le 1er trimestre de 2021 et celui de 2022, passant de 1.534.000 \u00e0 1.466.000 ch\u00f4meurs. Ce repli est de l\u2019ordre de 52.000 en urbain et de 16.000 en rural.<\/p>\n<p>Le taux de ch\u00f4mage a \u00e9galement diminu\u00e9 parmi les femmes de 0,2 point \u00e0 17,3%, alors qu\u2019il a augment\u00e9 chez les jeunes \u00e2g\u00e9s de 15 \u00e0 24 ans de 0,9 point \u00e0 33,4%, principalement en milieu urbain (47,7%).<\/p>\n<p>S\u2019agissant des dipl\u00f4m\u00e9s, le taux de ch\u00f4mage a enregistr\u00e9 une baisse de 0,9 point \u00e0 18,9%. Par contre, les dipl\u00f4m\u00e9s de niveau sup\u00e9rieur ont vu leur taux de ch\u00f4mage progresser de 0,5 point \u00e0 26,7%. La plus forte hausse a \u00e9t\u00e9 enregistr\u00e9 parmi les techniciens sp\u00e9cialis\u00e9s et sup\u00e9rieurs (+3,2 points \u00e0 35%), suivis des titulaires de dipl\u00f4mes sup\u00e9rieurs d\u00e9livr\u00e9s par les facult\u00e9s (+1,2 point \u00e0 28,6%) et des dipl\u00f4mes sup\u00e9rieurs d\u00e9livr\u00e9s par les \u00e9coles et les instituts (+0,8 point \u00e0 9%).<\/p>\n<p>Le taux de ch\u00f4mage des dipl\u00f4m\u00e9s de niveau moyen a recul\u00e9 de 16,1% \u00e0 14,4%. Cette baisse est plus importante parmi les dipl\u00f4m\u00e9s en qualification professionnelle (-2,6 points \u00e0 22,3%).<\/p>\n<p>Par ailleurs, le volume du sous-emploi s\u2019est situ\u00e9, durant la m\u00eame p\u00e9riode, \u00e0 987.000 personnes (521.000 dans les villes et 466.000 \u00e0 la campagne). Le taux de sous-emploi, au niveau national, est ainsi rest\u00e9 le m\u00eame qu\u2019au premier trimestre de 2021 (9,2%), avec une baisse \u00e0 8,3% en urbain et une augmentation \u00e0 10,6% en rural.<\/p>\n<p>Le taux de sous-emploi a augment\u00e9 de 10,2% \u00e0 10,5% parmi les hommes et a baiss\u00e9 de 5,6% \u00e0 4,8% chez les femmes. En milieu urbain, ce taux est de 8,6% contre 6,9% pour les femmes. En milieu rural, il est presque 6 fois plus \u00e9lev\u00e9 parmi les hommes (13,3%) que chez les femmes (2,2%).<\/p>\n<p>The post <a rel=\"nofollow\" href=\"https:\/\/www.mapmarrakech.ma\/fr\/le-chomage-recule-a-121-au-t1-2022\/\">Le ch\u00f4mage recule \u00e0 12,1% au T1-2022<\/a> appeared first on <a rel=\"nofollow\" href=\"https:\/\/www.mapmarrakech.ma\/fr\">MapMarrakech<\/a>.<\/p>\n<\/div>\n<p>Auteur: Meriem IGASS<br \/>\n<a href=\"https:\/\/www.mapmarrakech.ma\/fr\/le-chomage-recule-a-121-au-t1-2022\/\">Cliquez ici pour lire l&rsquo;article depuis sa source.<\/a><\/p>\n","protected":false},"excerpt":{"rendered":"<p>Ce taux a enregistr\u00e9 une baisse aussi bien en milieu rural qu\u2019en milieu urbain de 5,3% \u00e0 5,1% et de 17,1% \u00e0 16,3%, respectivement, pr\u00e9cise le HCP qui vient de publier une note d\u2019information relative \u00e0 la situation du march\u00e9 du travail au 1er trimestre 2022. Ladite note fait aussi ressortir que le nombre de [&hellip;]<\/p>\n","protected":false},"author":1788,"featured_media":0,"comment_status":"closed","ping_status":"closed","sticky":false,"template":"","format":"standard","meta":{"fifu_image_url":"https:\/\/www.mapmarrakech.ma\/map\/uploads\/2021\/08\/HCP-1.jpg","fifu_image_alt":"Le ch\u00f4mage recule \u00e0 12,1% au T1-2022","footnotes":""},"categories":[54,76],"tags":[],"class_list":["post-146990","post","type-post","status-publish","format-standard","hentry","category-maroc","category-regions"],"_links":{"self":[{"href":"https:\/\/linitiative.ca\/International\/wp-json\/wp\/v2\/posts\/146990","targetHints":{"allow":["GET"]}}],"collection":[{"href":"https:\/\/linitiative.ca\/International\/wp-json\/wp\/v2\/posts"}],"about":[{"href":"https:\/\/linitiative.ca\/International\/wp-json\/wp\/v2\/types\/post"}],"author":[{"embeddable":true,"href":"https:\/\/linitiative.ca\/International\/wp-json\/wp\/v2\/users\/1788"}],"replies":[{"embeddable":true,"href":"https:\/\/linitiative.ca\/International\/wp-json\/wp\/v2\/comments?post=146990"}],"version-history":[{"count":0,"href":"https:\/\/linitiative.ca\/International\/wp-json\/wp\/v2\/posts\/146990\/revisions"}],"wp:attachment":[{"href":"https:\/\/linitiative.ca\/International\/wp-json\/wp\/v2\/media?parent=146990"}],"wp:term":[{"taxonomy":"category","embeddable":true,"href":"https:\/\/linitiative.ca\/International\/wp-json\/wp\/v2\/categories?post=146990"},{"taxonomy":"post_tag","embeddable":true,"href":"https:\/\/linitiative.ca\/International\/wp-json\/wp\/v2\/tags?post=146990"}],"curies":[{"name":"wp","href":"https:\/\/api.w.org\/{rel}","templated":true}]}}