{"id":146994,"date":"2022-05-05T10:08:57","date_gmt":"2022-05-05T14:08:57","guid":{"rendered":"https:\/\/linitiative.ca\/International\/marhaba-le-maroc-et-lespagne-se-penchent-sur-les-dispositifs-operationnels\/"},"modified":"2022-05-05T10:08:57","modified_gmt":"2022-05-05T14:08:57","slug":"marhaba-le-maroc-et-lespagne-se-penchent-sur-les-dispositifs-operationnels","status":"publish","type":"post","link":"https:\/\/linitiative.ca\/International\/marhaba-le-maroc-et-lespagne-se-penchent-sur-les-dispositifs-operationnels\/","title":{"rendered":"\u00ab\u00a0Marhaba\u00a0\u00bb: Le Maroc et l&rsquo;Espagne se penchent sur les dispositifs op\u00e9rationnels"},"content":{"rendered":"<div>\n<div class=\"field field-name-body field-type-text-with-summary field-label-hidden\">\n<div class=\"field-items\">\n<div class=\"field-item even\" property=\"content:encoded\">\n<p class=\"rtejustify\">Le Maroc et l&rsquo;Espagne pr\u00e9parent l&rsquo;op\u00e9ration \u00ab\u00a0Marhaba 2022\u00a0\u00bb. Jeudi, la commission Mixte maroco-espagnole de Transit s&rsquo;est r\u00e9unie \u00e0 Rabat sous la co-pr\u00e9sidence de Khalid Zerouali, Wali Directeur de la Migration et de la Surveillance des Fronti\u00e8res et Isabel Goicoechea Aranguen, Sous-Secr\u00e9taire d&rsquo;Etat espagnole \u00e0 l\u2019Int\u00e9rieur. Cette rencontre intervient dans le cadre de la mise en \u0153uvre de la feuille de route \u00e9labor\u00e9e lors de la visite au Royaume en avril dernier de Pedro Sanchez, pr\u00e9sident du Gouvernement espagnol.<\/p>\n<\/div>\n<\/div>\n<\/div>\n<\/div>\n<p>Auteur: hgueye<br \/>\n<a href=\"https:\/\/www.leconomiste.com\/flash-infos\/marhaba-le-maroc-et-l-espagne-se-penchent-sur-les-dispositifs-operationnels\">Cliquez ici pour lire l&rsquo;article depuis sa source.<\/a><\/p>\n","protected":false},"excerpt":{"rendered":"<p>Le Maroc et l&rsquo;Espagne pr\u00e9parent l&rsquo;op\u00e9ration \u00ab\u00a0Marhaba 2022\u00a0\u00bb. Jeudi, la commission Mixte maroco-espagnole de Transit s&rsquo;est r\u00e9unie \u00e0 Rabat sous la co-pr\u00e9sidence de Khalid Zerouali, Wali Directeur de la Migration et de la Surveillance des Fronti\u00e8res et Isabel Goicoechea Aranguen, Sous-Secr\u00e9taire d&rsquo;Etat espagnole \u00e0 l\u2019Int\u00e9rieur. Cette rencontre intervient dans le cadre de la mise en [&hellip;]<\/p>\n","protected":false},"author":1763,"featured_media":0,"comment_status":"closed","ping_status":"closed","sticky":false,"template":"","format":"standard","meta":{"fifu_image_url":"","fifu_image_alt":"","footnotes":""},"categories":[78,54],"tags":[],"class_list":["post-146994","post","type-post","status-publish","format-standard","hentry","category-economie","category-maroc"],"_links":{"self":[{"href":"https:\/\/linitiative.ca\/International\/wp-json\/wp\/v2\/posts\/146994","targetHints":{"allow":["GET"]}}],"collection":[{"href":"https:\/\/linitiative.ca\/International\/wp-json\/wp\/v2\/posts"}],"about":[{"href":"https:\/\/linitiative.ca\/International\/wp-json\/wp\/v2\/types\/post"}],"author":[{"embeddable":true,"href":"https:\/\/linitiative.ca\/International\/wp-json\/wp\/v2\/users\/1763"}],"replies":[{"embeddable":true,"href":"https:\/\/linitiative.ca\/International\/wp-json\/wp\/v2\/comments?post=146994"}],"version-history":[{"count":0,"href":"https:\/\/linitiative.ca\/International\/wp-json\/wp\/v2\/posts\/146994\/revisions"}],"wp:attachment":[{"href":"https:\/\/linitiative.ca\/International\/wp-json\/wp\/v2\/media?parent=146994"}],"wp:term":[{"taxonomy":"category","embeddable":true,"href":"https:\/\/linitiative.ca\/International\/wp-json\/wp\/v2\/categories?post=146994"},{"taxonomy":"post_tag","embeddable":true,"href":"https:\/\/linitiative.ca\/International\/wp-json\/wp\/v2\/tags?post=146994"}],"curies":[{"name":"wp","href":"https:\/\/api.w.org\/{rel}","templated":true}]}}