{"id":146995,"date":"2022-05-05T11:05:13","date_gmt":"2022-05-05T15:05:13","guid":{"rendered":"https:\/\/linitiative.ca\/International\/sntl-un-nouveau-dg-nomme\/"},"modified":"2022-05-05T11:05:13","modified_gmt":"2022-05-05T15:05:13","slug":"sntl-un-nouveau-dg-nomme","status":"publish","type":"post","link":"https:\/\/linitiative.ca\/International\/sntl-un-nouveau-dg-nomme\/","title":{"rendered":"SNTL: Un nouveau DG nomm\u00e9"},"content":{"rendered":"<div>\n<div class=\"field field-name-body field-type-text-with-summary field-label-hidden\">\n<div class=\"field-items\">\n<div class=\"field-item even\" property=\"content:encoded\">\n<p class=\"rtejustify\">Hassan Oubaha a \u00e9t\u00e9 nomm\u00e9 directeur g\u00e9n\u00e9ral de la Soci\u00e9t\u00e9 Nationale du Transport et de la Logistique (SNTL)\u00a0relevant du minist\u00e8re du transport et de la logistique, a annonc\u00e9 Mustapha Baitas, porte-parole du gouvernement \u00e0 l&rsquo;issue du Conseil de gouvernement.\u00a0 Oubaha \u00e9tait directeur de l&rsquo;exploitation au port de Jorf lasfar. Ce laur\u00e9at de l&rsquo;Ecole Mohammedia des Ing\u00e9nieurs (EMI) est \u00e9galement dipl\u00f4m\u00e9 de Ponts Business School et de l&rsquo;Ecole Centrale Casablanca.<\/p>\n<p class=\"rtejustify\"><em>E.M.G.<\/em><\/p>\n<\/div>\n<\/div>\n<\/div>\n<\/div>\n<p>Auteur: hgueye<br \/>\n<a href=\"https:\/\/www.leconomiste.com\/flash-infos\/sntl-un-nouveau-dg-nomme\">Cliquez ici pour lire l&rsquo;article depuis sa source.<\/a><\/p>\n","protected":false},"excerpt":{"rendered":"<p>Hassan Oubaha a \u00e9t\u00e9 nomm\u00e9 directeur g\u00e9n\u00e9ral de la Soci\u00e9t\u00e9 Nationale du Transport et de la Logistique (SNTL)\u00a0relevant du minist\u00e8re du transport et de la logistique, a annonc\u00e9 Mustapha Baitas, porte-parole du gouvernement \u00e0 l&rsquo;issue du Conseil de gouvernement.\u00a0 Oubaha \u00e9tait directeur de l&rsquo;exploitation au port de Jorf lasfar. Ce laur\u00e9at de l&rsquo;Ecole Mohammedia des [&hellip;]<\/p>\n","protected":false},"author":1763,"featured_media":0,"comment_status":"closed","ping_status":"closed","sticky":false,"template":"","format":"standard","meta":{"fifu_image_url":"","fifu_image_alt":"","footnotes":""},"categories":[78,54],"tags":[],"class_list":["post-146995","post","type-post","status-publish","format-standard","hentry","category-economie","category-maroc"],"_links":{"self":[{"href":"https:\/\/linitiative.ca\/International\/wp-json\/wp\/v2\/posts\/146995","targetHints":{"allow":["GET"]}}],"collection":[{"href":"https:\/\/linitiative.ca\/International\/wp-json\/wp\/v2\/posts"}],"about":[{"href":"https:\/\/linitiative.ca\/International\/wp-json\/wp\/v2\/types\/post"}],"author":[{"embeddable":true,"href":"https:\/\/linitiative.ca\/International\/wp-json\/wp\/v2\/users\/1763"}],"replies":[{"embeddable":true,"href":"https:\/\/linitiative.ca\/International\/wp-json\/wp\/v2\/comments?post=146995"}],"version-history":[{"count":0,"href":"https:\/\/linitiative.ca\/International\/wp-json\/wp\/v2\/posts\/146995\/revisions"}],"wp:attachment":[{"href":"https:\/\/linitiative.ca\/International\/wp-json\/wp\/v2\/media?parent=146995"}],"wp:term":[{"taxonomy":"category","embeddable":true,"href":"https:\/\/linitiative.ca\/International\/wp-json\/wp\/v2\/categories?post=146995"},{"taxonomy":"post_tag","embeddable":true,"href":"https:\/\/linitiative.ca\/International\/wp-json\/wp\/v2\/tags?post=146995"}],"curies":[{"name":"wp","href":"https:\/\/api.w.org\/{rel}","templated":true}]}}