{"id":147003,"date":"2022-05-05T14:39:00","date_gmt":"2022-05-05T18:39:00","guid":{"rendered":"https:\/\/linitiative.ca\/International\/man-city-emmanuel-petit-repproche-a-guardiola-de-setre-pris-la-tete-avec-mahrez\/"},"modified":"2022-05-05T14:39:00","modified_gmt":"2022-05-05T18:39:00","slug":"man-city-emmanuel-petit-repproche-a-guardiola-de-setre-pris-la-tete-avec-mahrez","status":"publish","type":"post","link":"https:\/\/linitiative.ca\/International\/man-city-emmanuel-petit-repproche-a-guardiola-de-setre-pris-la-tete-avec-mahrez\/","title":{"rendered":"Man City : Emmanuel Petit repproche \u00e0 Guardiola de s&rsquo;\u00eatre pris la t\u00eate avec Mahrez"},"content":{"rendered":"<div>Pour la sixi\u00e8me fois depuis le d\u00e9but de sa carri\u00e8re d&rsquo;entra\u00eeneur, Pep Guardiola a \u00e9chou\u00e9 aux portes de la finale de la Ligue des Champions contre le Real Madrid (4-3, 1-3 ap)<\/div>\n<p>Auteur:<br \/>\n<a href=\"https:\/\/www.lebuteur.com\/article\/detail?titre=man-city-emmanuel-petit-repproche-a-guardiola-de-setre-pris-la-tete-avec-mahrez&#038;id=102828\">Cliquez ici pour lire l&rsquo;article depuis sa source.<\/a><\/p>\n","protected":false},"excerpt":{"rendered":"<p>Pour la sixi\u00e8me fois depuis le d\u00e9but de sa carri\u00e8re d&rsquo;entra\u00eeneur, Pep Guardiola a \u00e9chou\u00e9 aux portes de la finale de la Ligue des Champions contre le Real Madrid (4-3, 1-3 ap) Auteur: Cliquez ici pour lire l&rsquo;article depuis sa source.<\/p>\n","protected":false},"author":1738,"featured_media":0,"comment_status":"closed","ping_status":"closed","sticky":false,"template":"","format":"standard","meta":{"fifu_image_url":"","fifu_image_alt":"","footnotes":""},"categories":[53,75],"tags":[],"class_list":["post-147003","post","type-post","status-publish","format-standard","hentry","category-algerie","category-sport"],"_links":{"self":[{"href":"https:\/\/linitiative.ca\/International\/wp-json\/wp\/v2\/posts\/147003","targetHints":{"allow":["GET"]}}],"collection":[{"href":"https:\/\/linitiative.ca\/International\/wp-json\/wp\/v2\/posts"}],"about":[{"href":"https:\/\/linitiative.ca\/International\/wp-json\/wp\/v2\/types\/post"}],"author":[{"embeddable":true,"href":"https:\/\/linitiative.ca\/International\/wp-json\/wp\/v2\/users\/1738"}],"replies":[{"embeddable":true,"href":"https:\/\/linitiative.ca\/International\/wp-json\/wp\/v2\/comments?post=147003"}],"version-history":[{"count":0,"href":"https:\/\/linitiative.ca\/International\/wp-json\/wp\/v2\/posts\/147003\/revisions"}],"wp:attachment":[{"href":"https:\/\/linitiative.ca\/International\/wp-json\/wp\/v2\/media?parent=147003"}],"wp:term":[{"taxonomy":"category","embeddable":true,"href":"https:\/\/linitiative.ca\/International\/wp-json\/wp\/v2\/categories?post=147003"},{"taxonomy":"post_tag","embeddable":true,"href":"https:\/\/linitiative.ca\/International\/wp-json\/wp\/v2\/tags?post=147003"}],"curies":[{"name":"wp","href":"https:\/\/api.w.org\/{rel}","templated":true}]}}