{"id":147004,"date":"2022-05-05T07:39:00","date_gmt":"2022-05-05T11:39:00","guid":{"rendered":"https:\/\/linitiative.ca\/International\/la-tunisie-choisie-par-les-experts-comptables-et-commissaires-aux-comptes-francophones-pour-le-40eme-anniversaire-de-la-fidef\/"},"modified":"2022-05-05T07:39:00","modified_gmt":"2022-05-05T11:39:00","slug":"la-tunisie-choisie-par-les-experts-comptables-et-commissaires-aux-comptes-francophones-pour-le-40eme-anniversaire-de-la-fidef","status":"publish","type":"post","link":"https:\/\/linitiative.ca\/International\/la-tunisie-choisie-par-les-experts-comptables-et-commissaires-aux-comptes-francophones-pour-le-40eme-anniversaire-de-la-fidef\/","title":{"rendered":"La Tunisie choisie par les Experts-Comptables et Commissaires aux Comptes Francophones pour le 40\u00e8me anniversaire de la FIDEF"},"content":{"rendered":"<div><img decoding=\"async\" src=\"https:\/\/linitiative.ca\/International\/wp-content\/uploads\/sites\/23\/2022\/05\/1651747633_article.jpg\" alt=\"La Tunisie choisie par les Experts-Comptables et Commissaires aux Comptes Francophones pour la c\u00e9l\u00e9bration du 40\u00e8me anniversaire de la FIDEF\" align=\"left\">C\u00e9l\u00e9brant son 40\u00e8me anniversaire, la FIDEF (F\u00e9d\u00e9ration internationale des Experts comptables et Commissaires aux Comptes) a port\u00e9 son choix sur la Tunisie pour y organiser un grand colloque international. C\u2019est ainsi qu\u2019elle r\u00e9unira le mercredi 11 mai \u00e0 Yasmine Hammamet, ses membres pour traiter notamment de la contribution au d\u00e9veloppement \u00e9conomique.<br \/>\nPr\u00e9sid\u00e9e par Slaheddine Zahaf, la FIDEF, cr\u00e9\u00e9e en 1981, rassemble les Ordres, Instituts et Organisations professionnelles comptables de 37 pays francophones r\u00e9partis sur 4 continents, et repr\u00e9sente donc environ 80 000 professionnels.<br \/>\n\u00a0<\/p>\n<\/div>\n<p>Auteur:<br \/>\n<a href=\"https:\/\/www.leaders.com.tn\/article\/33305-la-tunisie-choisie-par-les-experts-comptables-et-commissaires-aux-comptes-francophones-pour-la-celebration-du-40eme-anniversaire-de-la-fidef\">Cliquez ici pour lire l&rsquo;article depuis sa source.<\/a><\/p>\n","protected":false},"excerpt":{"rendered":"<p>C\u00e9l\u00e9brant son 40\u00e8me anniversaire, la FIDEF (F\u00e9d\u00e9ration internationale des Experts comptables et Commissaires aux Comptes) a port\u00e9 son choix sur la Tunisie pour y organiser un grand colloque international. C\u2019est ainsi qu\u2019elle r\u00e9unira le mercredi 11 mai \u00e0 Yasmine Hammamet, ses membres pour traiter notamment de la contribution au d\u00e9veloppement \u00e9conomique. Pr\u00e9sid\u00e9e par Slaheddine Zahaf, [&hellip;]<\/p>\n","protected":false},"author":1772,"featured_media":0,"comment_status":"closed","ping_status":"closed","sticky":false,"template":"","format":"standard","meta":{"fifu_image_url":"http:\/\/www.leaders.com.tn\/uploads\/content\/thumbnails_small\/1651747633_article.jpg","fifu_image_alt":"La Tunisie choisie par les Experts-Comptables et Commissaires aux Comptes Francophones pour le 40\u00e8me anniversaire de la FIDEF","footnotes":""},"categories":[73,55],"tags":[],"class_list":["post-147004","post","type-post","status-publish","format-standard","hentry","category-actualite","category-tunisie"],"_links":{"self":[{"href":"https:\/\/linitiative.ca\/International\/wp-json\/wp\/v2\/posts\/147004","targetHints":{"allow":["GET"]}}],"collection":[{"href":"https:\/\/linitiative.ca\/International\/wp-json\/wp\/v2\/posts"}],"about":[{"href":"https:\/\/linitiative.ca\/International\/wp-json\/wp\/v2\/types\/post"}],"author":[{"embeddable":true,"href":"https:\/\/linitiative.ca\/International\/wp-json\/wp\/v2\/users\/1772"}],"replies":[{"embeddable":true,"href":"https:\/\/linitiative.ca\/International\/wp-json\/wp\/v2\/comments?post=147004"}],"version-history":[{"count":0,"href":"https:\/\/linitiative.ca\/International\/wp-json\/wp\/v2\/posts\/147004\/revisions"}],"wp:attachment":[{"href":"https:\/\/linitiative.ca\/International\/wp-json\/wp\/v2\/media?parent=147004"}],"wp:term":[{"taxonomy":"category","embeddable":true,"href":"https:\/\/linitiative.ca\/International\/wp-json\/wp\/v2\/categories?post=147004"},{"taxonomy":"post_tag","embeddable":true,"href":"https:\/\/linitiative.ca\/International\/wp-json\/wp\/v2\/tags?post=147004"}],"curies":[{"name":"wp","href":"https:\/\/api.w.org\/{rel}","templated":true}]}}