{"id":147006,"date":"2022-05-05T10:10:00","date_gmt":"2022-05-05T14:10:00","guid":{"rendered":"https:\/\/linitiative.ca\/International\/abdeljelil-karoui-en-traversant-les-quatrains-en-desherence-de-abdelaziz-kacem-1\/"},"modified":"2022-05-05T10:10:00","modified_gmt":"2022-05-05T14:10:00","slug":"abdeljelil-karoui-en-traversant-les-quatrains-en-desherence-de-abdelaziz-kacem-1","status":"publish","type":"post","link":"https:\/\/linitiative.ca\/International\/abdeljelil-karoui-en-traversant-les-quatrains-en-desherence-de-abdelaziz-kacem-1\/","title":{"rendered":"Abdeljelil Karoui: En traversant les \u00abQuatrains en d\u00e9sh\u00e9rence\u00bb de Abdelaziz Kacem (1)"},"content":{"rendered":"<div><img decoding=\"async\" src=\"https:\/\/linitiative.ca\/International\/wp-content\/uploads\/sites\/23\/2022\/05\/1651740298_article.jpg\" alt=\"Abdeljelil Karoui: En traversant les \u00abQuatrains en d\u00e9sh\u00e9rence\u00bb de Abdelaziz Kacem \" align=\"left\">C\u2019est pour moi un plaisir et un honneur d\u2019entrevoir avec vous quelques tr\u00e9sors d\u2019une \u0153uvre qui est sans doute la quintessence de ce que l\u2019auteur a d\u00e9j\u00e0 r\u00e9alis\u00e9 de plus beau, de plus attachant et aussi de plus redoutable pour la pi\u00e9taille, pour la tourbe et les tartuffes de tout poil.<br \/>\nJe ne lui ferai pas l&rsquo;injure de le pr\u00e9senter, je m\u2019arr\u00eaterai juste un moment sur ses traits les plus marquants. C&rsquo;est d&rsquo;abord un homme des deux rives et comme il se pla\u00eet \u00e0 le dire, il est po\u00e8te bilingue, poss\u00e9dant \u00abune langue m\u00e8re et une langue nourrice\u00bb. Cette posture, entre deux entit\u00e9s, deux langues et deux civilisations, lui a valu une double notori\u00e9t\u00e9 dans sa matrice &#8230;<\/p>\n<\/div>\n<p>Auteur:<br \/>\n<a href=\"https:\/\/www.leaders.com.tn\/article\/33302-abdeljelil-karoui-en-traversant-les-quatrains-en-desherence-de-abdelaziz-kacem\">Cliquez ici pour lire l&rsquo;article depuis sa source.<\/a><\/p>\n","protected":false},"excerpt":{"rendered":"<p>C\u2019est pour moi un plaisir et un honneur d\u2019entrevoir avec vous quelques tr\u00e9sors d\u2019une \u0153uvre qui est sans doute la quintessence de ce que l\u2019auteur a d\u00e9j\u00e0 r\u00e9alis\u00e9 de plus beau, de plus attachant et aussi de plus redoutable pour la pi\u00e9taille, pour la tourbe et les tartuffes de tout poil. Je ne lui ferai [&hellip;]<\/p>\n","protected":false},"author":1772,"featured_media":0,"comment_status":"closed","ping_status":"closed","sticky":false,"template":"","format":"standard","meta":{"fifu_image_url":"http:\/\/www.leaders.com.tn\/uploads\/content\/thumbnails_small\/1651740298_article.jpg","fifu_image_alt":"Abdeljelil Karoui: En traversant les \u00abQuatrains en d\u00e9sh\u00e9rence\u00bb de Abdelaziz Kacem (1)","footnotes":""},"categories":[73,55],"tags":[],"class_list":["post-147006","post","type-post","status-publish","format-standard","hentry","category-actualite","category-tunisie"],"_links":{"self":[{"href":"https:\/\/linitiative.ca\/International\/wp-json\/wp\/v2\/posts\/147006","targetHints":{"allow":["GET"]}}],"collection":[{"href":"https:\/\/linitiative.ca\/International\/wp-json\/wp\/v2\/posts"}],"about":[{"href":"https:\/\/linitiative.ca\/International\/wp-json\/wp\/v2\/types\/post"}],"author":[{"embeddable":true,"href":"https:\/\/linitiative.ca\/International\/wp-json\/wp\/v2\/users\/1772"}],"replies":[{"embeddable":true,"href":"https:\/\/linitiative.ca\/International\/wp-json\/wp\/v2\/comments?post=147006"}],"version-history":[{"count":0,"href":"https:\/\/linitiative.ca\/International\/wp-json\/wp\/v2\/posts\/147006\/revisions"}],"wp:attachment":[{"href":"https:\/\/linitiative.ca\/International\/wp-json\/wp\/v2\/media?parent=147006"}],"wp:term":[{"taxonomy":"category","embeddable":true,"href":"https:\/\/linitiative.ca\/International\/wp-json\/wp\/v2\/categories?post=147006"},{"taxonomy":"post_tag","embeddable":true,"href":"https:\/\/linitiative.ca\/International\/wp-json\/wp\/v2\/tags?post=147006"}],"curies":[{"name":"wp","href":"https:\/\/api.w.org\/{rel}","templated":true}]}}