{"id":147008,"date":"2022-05-05T12:27:00","date_gmt":"2022-05-05T16:27:00","guid":{"rendered":"https:\/\/linitiative.ca\/International\/lubci-renoue-avec-la-croissance-et-sinscrit-dans-un-projet-ambitieux-resolument-tourne-vers-lavenir\/"},"modified":"2022-05-05T12:27:00","modified_gmt":"2022-05-05T16:27:00","slug":"lubci-renoue-avec-la-croissance-et-sinscrit-dans-un-projet-ambitieux-resolument-tourne-vers-lavenir","status":"publish","type":"post","link":"https:\/\/linitiative.ca\/International\/lubci-renoue-avec-la-croissance-et-sinscrit-dans-un-projet-ambitieux-resolument-tourne-vers-lavenir\/","title":{"rendered":"L\u2019UBCI renoue avec la croissance et s\u2019inscrit dans un projet ambitieux r\u00e9solument tourne vers l\u2019avenir"},"content":{"rendered":"<div><img decoding=\"async\" src=\"https:\/\/linitiative.ca\/International\/wp-content\/uploads\/sites\/23\/2022\/05\/1651764426_article.jpg\" alt=\"L\u2019UBCI renoue avec la croissance et s\u2019inscrit dans un projet ambitieux r\u00e9solument tourne vers l\u2019avenir\" align=\"left\">L\u2019Assembl\u00e9e G\u00e9n\u00e9rale Ordinaire de l\u2019UBCI s\u2019est tenue le vendredi 29 avril 2022 sous la pr\u00e9sidence de M. Hassine DOGHRI, Pr\u00e9sident du conseil d\u2019administration, de M. Mohamed Koubaa, Directeur G\u00e9n\u00e9ral et en pr\u00e9sence des actionnaires, des membres du Conseil d\u2019administration et des cadres de la banque.<br \/>\nApr\u00e8s avoir souhait\u00e9 la bienvenue aux pr\u00e9sents, M. Hassine DOGHRI a rappel\u00e9 le contexte \u00e9conomique mondial et national qui porte encore les stigmates de la crise sanitaire Covid-19, malgr\u00e9 l\u2019amorce d\u2019une reprise qui demeure fragile et laisse \u00e9merger encore des d\u00e9s\u00e9quilibres macro\u00e9conomiques.<br \/>\nR\u00e9alisations en croissance en 2021 malgr\u00e9 un contexte &#8230;<\/p>\n<\/div>\n<p>Auteur:<br \/>\n<a href=\"https:\/\/www.leaders.com.tn\/article\/33307-l-ubci-renoue-avec-la-croissance-et-s-inscrit-dans-un-projet-ambitieux-resolument-tourne-vers-l-avenir\">Cliquez ici pour lire l&rsquo;article depuis sa source.<\/a><\/p>\n","protected":false},"excerpt":{"rendered":"<p>L\u2019Assembl\u00e9e G\u00e9n\u00e9rale Ordinaire de l\u2019UBCI s\u2019est tenue le vendredi 29 avril 2022 sous la pr\u00e9sidence de M. Hassine DOGHRI, Pr\u00e9sident du conseil d\u2019administration, de M. Mohamed Koubaa, Directeur G\u00e9n\u00e9ral et en pr\u00e9sence des actionnaires, des membres du Conseil d\u2019administration et des cadres de la banque. Apr\u00e8s avoir souhait\u00e9 la bienvenue aux pr\u00e9sents, M. Hassine DOGHRI [&hellip;]<\/p>\n","protected":false},"author":1772,"featured_media":0,"comment_status":"closed","ping_status":"closed","sticky":false,"template":"","format":"standard","meta":{"fifu_image_url":"http:\/\/www.leaders.com.tn\/uploads\/content\/thumbnails_small\/1651764426_article.jpg","fifu_image_alt":"L\u2019UBCI renoue avec la croissance et s\u2019inscrit dans un projet ambitieux r\u00e9solument tourne vers l\u2019avenir","footnotes":""},"categories":[73,55],"tags":[],"class_list":["post-147008","post","type-post","status-publish","format-standard","hentry","category-actualite","category-tunisie"],"_links":{"self":[{"href":"https:\/\/linitiative.ca\/International\/wp-json\/wp\/v2\/posts\/147008","targetHints":{"allow":["GET"]}}],"collection":[{"href":"https:\/\/linitiative.ca\/International\/wp-json\/wp\/v2\/posts"}],"about":[{"href":"https:\/\/linitiative.ca\/International\/wp-json\/wp\/v2\/types\/post"}],"author":[{"embeddable":true,"href":"https:\/\/linitiative.ca\/International\/wp-json\/wp\/v2\/users\/1772"}],"replies":[{"embeddable":true,"href":"https:\/\/linitiative.ca\/International\/wp-json\/wp\/v2\/comments?post=147008"}],"version-history":[{"count":0,"href":"https:\/\/linitiative.ca\/International\/wp-json\/wp\/v2\/posts\/147008\/revisions"}],"wp:attachment":[{"href":"https:\/\/linitiative.ca\/International\/wp-json\/wp\/v2\/media?parent=147008"}],"wp:term":[{"taxonomy":"category","embeddable":true,"href":"https:\/\/linitiative.ca\/International\/wp-json\/wp\/v2\/categories?post=147008"},{"taxonomy":"post_tag","embeddable":true,"href":"https:\/\/linitiative.ca\/International\/wp-json\/wp\/v2\/tags?post=147008"}],"curies":[{"name":"wp","href":"https:\/\/api.w.org\/{rel}","templated":true}]}}