{"id":147016,"date":"2022-05-05T11:06:10","date_gmt":"2022-05-05T15:06:10","guid":{"rendered":"https:\/\/linitiative.ca\/International\/de-jeunes-ingenieurs-marocains-demi-finalistes-au-challenge-international-des-fablabs-solidaires\/"},"modified":"2022-05-05T11:06:10","modified_gmt":"2022-05-05T15:06:10","slug":"de-jeunes-ingenieurs-marocains-demi-finalistes-au-challenge-international-des-fablabs-solidaires","status":"publish","type":"post","link":"https:\/\/linitiative.ca\/International\/de-jeunes-ingenieurs-marocains-demi-finalistes-au-challenge-international-des-fablabs-solidaires\/","title":{"rendered":"De jeunes ing\u00e9nieurs marocains demi-finalistes au Challenge international des \u00abFabLabs Solidaires\u00bb"},"content":{"rendered":"<div><img decoding=\"async\" width=\"565\" height=\"256\" src=\"https:\/\/linitiative.ca\/International\/wp-content\/uploads\/sites\/23\/2022\/05\/Ingenieurs.jpg\" class=\"attachment-post-thumbnail size-post-thumbnail wp-post-image\" alt=\"\" loading=\"lazy\" srcset=\"https:\/\/linitiative.ca\/International\/wp-content\/uploads\/sites\/23\/2022\/05\/Ingenieurs.jpg 565w, https:\/\/www.challenge.ma\/wp-content\/uploads\/2022\/05\/Ingenieurs-300x136.jpg 300w, https:\/\/www.challenge.ma\/wp-content\/uploads\/2022\/05\/Ingenieurs-360x163.jpg 360w\" sizes=\"auto, (max-width: 565px) 100vw, 565px\" itemprop=\"image\">L\u2019\u00e9quipe marocaine de jeunes ing\u00e9nieurs \u00abGhallaty\u00bb a pu d\u00e9crocher une place en demi-finale du prestigieux challenge international FabLabs Solidaires, qui vise \u00e0 donner aux jeunes l\u2019opportunit\u00e9 de se r\u00e9inventer gr\u00e2ce aux nouvelles technologies. Compos\u00e9e de neuf ing\u00e9nieurs, l\u2019\u00e9quipe marocaine est l\u2019une des 15 \u00e9quipes de jeunes en insertion qui con\u00e7oivent<\/div>\n<p>Auteur: David J\u00e9r\u00e9mie<br \/>\n<a href=\"https:\/\/www.challenge.ma\/de-jeunes-ingenieurs-marocains-demi-finalistes-au-challenge-international-des-fablabs-solidaires-238065\/\">Cliquez ici pour lire l&rsquo;article depuis sa source.<\/a><\/p>\n","protected":false},"excerpt":{"rendered":"<p>L\u2019\u00e9quipe marocaine de jeunes ing\u00e9nieurs \u00abGhallaty\u00bb a pu d\u00e9crocher une place en demi-finale du prestigieux challenge international FabLabs Solidaires, qui vise \u00e0 donner aux jeunes l\u2019opportunit\u00e9 de se r\u00e9inventer gr\u00e2ce aux nouvelles technologies. Compos\u00e9e de neuf ing\u00e9nieurs, l\u2019\u00e9quipe marocaine est l\u2019une des 15 \u00e9quipes de jeunes en insertion qui con\u00e7oivent Auteur: David J\u00e9r\u00e9mie Cliquez ici [&hellip;]<\/p>\n","protected":false},"author":1787,"featured_media":0,"comment_status":"closed","ping_status":"closed","sticky":false,"template":"","format":"standard","meta":{"fifu_image_url":"https:\/\/www.challenge.ma\/wp-content\/uploads\/2022\/05\/Ingenieurs.jpg","fifu_image_alt":"De jeunes ing\u00e9nieurs marocains demi-finalistes au Challenge international des \u00abFabLabs Solidaires\u00bb","footnotes":""},"categories":[78,54],"tags":[],"class_list":["post-147016","post","type-post","status-publish","format-standard","hentry","category-economie","category-maroc"],"_links":{"self":[{"href":"https:\/\/linitiative.ca\/International\/wp-json\/wp\/v2\/posts\/147016","targetHints":{"allow":["GET"]}}],"collection":[{"href":"https:\/\/linitiative.ca\/International\/wp-json\/wp\/v2\/posts"}],"about":[{"href":"https:\/\/linitiative.ca\/International\/wp-json\/wp\/v2\/types\/post"}],"author":[{"embeddable":true,"href":"https:\/\/linitiative.ca\/International\/wp-json\/wp\/v2\/users\/1787"}],"replies":[{"embeddable":true,"href":"https:\/\/linitiative.ca\/International\/wp-json\/wp\/v2\/comments?post=147016"}],"version-history":[{"count":0,"href":"https:\/\/linitiative.ca\/International\/wp-json\/wp\/v2\/posts\/147016\/revisions"}],"wp:attachment":[{"href":"https:\/\/linitiative.ca\/International\/wp-json\/wp\/v2\/media?parent=147016"}],"wp:term":[{"taxonomy":"category","embeddable":true,"href":"https:\/\/linitiative.ca\/International\/wp-json\/wp\/v2\/categories?post=147016"},{"taxonomy":"post_tag","embeddable":true,"href":"https:\/\/linitiative.ca\/International\/wp-json\/wp\/v2\/tags?post=147016"}],"curies":[{"name":"wp","href":"https:\/\/api.w.org\/{rel}","templated":true}]}}