{"id":147025,"date":"2022-05-05T17:01:36","date_gmt":"2022-05-05T21:01:36","guid":{"rendered":"https:\/\/linitiative.ca\/International\/tunisie-reseau-mourakiboun-le-referendum-presente-de-nombreuses-zones-dombre\/"},"modified":"2022-05-05T17:01:36","modified_gmt":"2022-05-05T21:01:36","slug":"tunisie-reseau-mourakiboun-le-referendum-presente-de-nombreuses-zones-dombre","status":"publish","type":"post","link":"https:\/\/linitiative.ca\/International\/tunisie-reseau-mourakiboun-le-referendum-presente-de-nombreuses-zones-dombre\/","title":{"rendered":"Tunisie \u2013 R\u00e9seau Mourakiboun\u00a0: Le r\u00e9f\u00e9rendum pr\u00e9sente de nombreuses zones d\u2019ombre"},"content":{"rendered":"<div>\n<p>La pr\u00e9sidente du r\u00e9seau Mourakiboun, Raja Jabri, a assur\u00e9 ce jeudi, que le r\u00e9f\u00e9rendum projet\u00e9 par Ka\u00efs Sa\u00efed pour le25 juillet prochain pr\u00e9sente, \u00e0 ce jour, de nombreuses zones d\u2019ombre. Les termes des questions qu\u2019il va soumettre. Alle a ajout\u00e9 que le sujet du r\u00e9f\u00e9rendum devrait \u00eatre publi\u00e9 dans le JORT deux mois avant sa [\u2026]<\/p>\n<p>L\u2019article <a href=\"https:\/\/www.tunisienumerique.com\/tunisie-reseau-mourakiboun-le-referendum-presente-de-nombreuses-zones-dombre\/\">Tunisie \u2013 R\u00e9seau Mourakiboun\u00a0: Le r\u00e9f\u00e9rendum pr\u00e9sente de nombreuses zones d\u2019ombre<\/a> est apparu en premier sur <a href=\"https:\/\/www.tunisienumerique.com\/\">Tunisie<\/a>.<\/p>\n<\/div>\n<p>Auteur: LM<br \/>\n<a href=\"https:\/\/www.tunisienumerique.com\/tunisie-reseau-mourakiboun-le-referendum-presente-de-nombreuses-zones-dombre\/\">Cliquez ici pour lire l&rsquo;article depuis sa source.<\/a><\/p>\n","protected":false},"excerpt":{"rendered":"<p>La pr\u00e9sidente du r\u00e9seau Mourakiboun, Raja Jabri, a assur\u00e9 ce jeudi, que le r\u00e9f\u00e9rendum projet\u00e9 par Ka\u00efs Sa\u00efed pour le25 juillet prochain pr\u00e9sente, \u00e0 ce jour, de nombreuses zones d\u2019ombre. Les termes des questions qu\u2019il va soumettre. Alle a ajout\u00e9 que le sujet du r\u00e9f\u00e9rendum devrait \u00eatre publi\u00e9 dans le JORT deux mois avant sa [&hellip;]<\/p>\n","protected":false},"author":1789,"featured_media":0,"comment_status":"closed","ping_status":"closed","sticky":false,"template":"","format":"standard","meta":{"fifu_image_url":"","fifu_image_alt":"","footnotes":""},"categories":[73,55],"tags":[],"class_list":["post-147025","post","type-post","status-publish","format-standard","hentry","category-actualite","category-tunisie"],"_links":{"self":[{"href":"https:\/\/linitiative.ca\/International\/wp-json\/wp\/v2\/posts\/147025","targetHints":{"allow":["GET"]}}],"collection":[{"href":"https:\/\/linitiative.ca\/International\/wp-json\/wp\/v2\/posts"}],"about":[{"href":"https:\/\/linitiative.ca\/International\/wp-json\/wp\/v2\/types\/post"}],"author":[{"embeddable":true,"href":"https:\/\/linitiative.ca\/International\/wp-json\/wp\/v2\/users\/1789"}],"replies":[{"embeddable":true,"href":"https:\/\/linitiative.ca\/International\/wp-json\/wp\/v2\/comments?post=147025"}],"version-history":[{"count":0,"href":"https:\/\/linitiative.ca\/International\/wp-json\/wp\/v2\/posts\/147025\/revisions"}],"wp:attachment":[{"href":"https:\/\/linitiative.ca\/International\/wp-json\/wp\/v2\/media?parent=147025"}],"wp:term":[{"taxonomy":"category","embeddable":true,"href":"https:\/\/linitiative.ca\/International\/wp-json\/wp\/v2\/categories?post=147025"},{"taxonomy":"post_tag","embeddable":true,"href":"https:\/\/linitiative.ca\/International\/wp-json\/wp\/v2\/tags?post=147025"}],"curies":[{"name":"wp","href":"https:\/\/api.w.org\/{rel}","templated":true}]}}