{"id":147028,"date":"2022-05-05T17:16:28","date_gmt":"2022-05-05T21:16:28","guid":{"rendered":"https:\/\/linitiative.ca\/International\/tunisie-images-labattoir-universitaire-de-medenine\/"},"modified":"2022-05-05T17:16:28","modified_gmt":"2022-05-05T21:16:28","slug":"tunisie-images-labattoir-universitaire-de-medenine","status":"publish","type":"post","link":"https:\/\/linitiative.ca\/International\/tunisie-images-labattoir-universitaire-de-medenine\/","title":{"rendered":"Tunisie \u2013 Images\u00a0: L\u2019abattoir universitaire de Medenine"},"content":{"rendered":"<div>\n<p>Des citoyens de M\u00e9denine ont publi\u00e9 des images de l\u2019h\u00f4pital r\u00e9gional de la ville qu\u2019ils ont nomm\u00e9 l\u2019abattoir universitaire de M\u00e9denine, pour d\u00e9noncer les conditions lamentables de s\u00e9jour des patients, ainsi que les repas qui leur sont servis, et l\u2019\u00e9tat de d\u00e9labrement de l\u2019infrastructure.<\/p>\n<p>L\u2019article <a href=\"https:\/\/www.tunisienumerique.com\/tunisie-images-labattoir-universitaire-de-medenine\/\">Tunisie \u2013 Images\u00a0: L\u2019abattoir universitaire de Medenine<\/a> est apparu en premier sur <a href=\"https:\/\/www.tunisienumerique.com\/\">Tunisie<\/a>.<\/p>\n<\/div>\n<p>Auteur: LM<br \/>\n<a href=\"https:\/\/www.tunisienumerique.com\/tunisie-images-labattoir-universitaire-de-medenine\/\">Cliquez ici pour lire l&rsquo;article depuis sa source.<\/a><\/p>\n","protected":false},"excerpt":{"rendered":"<p>Des citoyens de M\u00e9denine ont publi\u00e9 des images de l\u2019h\u00f4pital r\u00e9gional de la ville qu\u2019ils ont nomm\u00e9 l\u2019abattoir universitaire de M\u00e9denine, pour d\u00e9noncer les conditions lamentables de s\u00e9jour des patients, ainsi que les repas qui leur sont servis, et l\u2019\u00e9tat de d\u00e9labrement de l\u2019infrastructure. L\u2019article Tunisie \u2013 Images\u00a0: L\u2019abattoir universitaire de Medenine est apparu en [&hellip;]<\/p>\n","protected":false},"author":1789,"featured_media":0,"comment_status":"closed","ping_status":"closed","sticky":false,"template":"","format":"standard","meta":{"fifu_image_url":"","fifu_image_alt":"","footnotes":""},"categories":[73,55],"tags":[],"class_list":["post-147028","post","type-post","status-publish","format-standard","hentry","category-actualite","category-tunisie"],"_links":{"self":[{"href":"https:\/\/linitiative.ca\/International\/wp-json\/wp\/v2\/posts\/147028","targetHints":{"allow":["GET"]}}],"collection":[{"href":"https:\/\/linitiative.ca\/International\/wp-json\/wp\/v2\/posts"}],"about":[{"href":"https:\/\/linitiative.ca\/International\/wp-json\/wp\/v2\/types\/post"}],"author":[{"embeddable":true,"href":"https:\/\/linitiative.ca\/International\/wp-json\/wp\/v2\/users\/1789"}],"replies":[{"embeddable":true,"href":"https:\/\/linitiative.ca\/International\/wp-json\/wp\/v2\/comments?post=147028"}],"version-history":[{"count":0,"href":"https:\/\/linitiative.ca\/International\/wp-json\/wp\/v2\/posts\/147028\/revisions"}],"wp:attachment":[{"href":"https:\/\/linitiative.ca\/International\/wp-json\/wp\/v2\/media?parent=147028"}],"wp:term":[{"taxonomy":"category","embeddable":true,"href":"https:\/\/linitiative.ca\/International\/wp-json\/wp\/v2\/categories?post=147028"},{"taxonomy":"post_tag","embeddable":true,"href":"https:\/\/linitiative.ca\/International\/wp-json\/wp\/v2\/tags?post=147028"}],"curies":[{"name":"wp","href":"https:\/\/api.w.org\/{rel}","templated":true}]}}