{"id":147036,"date":"2022-05-05T06:30:48","date_gmt":"2022-05-05T10:30:48","guid":{"rendered":"https:\/\/linitiative.ca\/International\/guinee-lancien-president-alpha-conde-et-plusieurs-anciens-dignitaires-vises-par-des-poursuites-judiciaires\/"},"modified":"2022-05-05T06:30:48","modified_gmt":"2022-05-05T10:30:48","slug":"guinee-lancien-president-alpha-conde-et-plusieurs-anciens-dignitaires-vises-par-des-poursuites-judiciaires","status":"publish","type":"post","link":"https:\/\/linitiative.ca\/International\/guinee-lancien-president-alpha-conde-et-plusieurs-anciens-dignitaires-vises-par-des-poursuites-judiciaires\/","title":{"rendered":"Guin\u00e9e : l\u2019ancien pr\u00e9sident Alpha Cond\u00e9 et plusieurs anciens dignitaires vis\u00e9s par des poursuites judiciaires"},"content":{"rendered":"<div>\n<p>L\u2019ancien pr\u00e9sident guin\u00e9en, Alpha Cond\u00e9 et 26 autres personnalit\u00e9s, anciens hauts responsables sous sa pr\u00e9sidence, font l\u2019objet d\u2019 \u00ab instructions aux fins de poursuites judiciaires \u00bb selon un ordre de poursuite en date du mercredi 04 mai sign\u00e9 du procureur g\u00e9n\u00e9ral de Conakry, Alphonse Charles Wright.<\/p>\n<p>Il leur est reproch\u00e9 une dizaine de faits dont le meurtre, assassinat et complicit\u00e9 de meurtre et d\u2019assassinat, disparitions forc\u00e9es, d\u00e9tention, enl\u00e8vement, torture, coups, blessures et violences volontaires, agressions sexuelles, attentat \u00e0 la pudeur.<\/p>\n<p>Parmi les personnalit\u00e9s vis\u00e9es par les poursuites figurent un ancien pr\u00e9sident de la Cour constitutionnelle, d\u2019anciens pr\u00e9sidents de l\u2019Assembl\u00e9e nationale, un ancien Premier ministre et plusieurs anciens ministres, d\u00e9put\u00e9s et responsables de services de s\u00e9curit\u00e9.<\/p>\n<p><strong>Protestation contre un troisi\u00e8me mandat d\u2019Alpha Cond\u00e9<\/strong><\/p>\n<p>L\u2019ordre de poursuite fait mention d\u2019une d\u00e9nonciation contre les personnalit\u00e9s cit\u00e9es. Selon l\u2019AFP, il s\u2019agirait d\u2019une plainte du Front national de d\u00e9fense de la Constitution (FNDC), un collectif qui a men\u00e9 pendant des mois \u00e0 partir d\u2019octobre 2019 la contestation contre un troisi\u00e8me mandat d\u2019Alpha Cond\u00e9.<\/p>\n<p>La r\u00e9pression de ces protestations a fait des dizaines de morts alors que cette mobilisation n\u2019avait pas emp\u00each\u00e9 Alpha Cond\u00e9 d\u2019\u00eatre r\u00e9\u00e9lu en octobre 2020 \u00e0 la suite de la modification constitutionnelle.<\/p>\n<p>Depuis lors, le FNDC a toujours r\u00e9clam\u00e9 justice et a d\u00e9pos\u00e9 en janvier une plainte qui d\u00e9signait le Pr\u00e9sident Cond\u00e9 comme principal responsable des violences.<\/p>\n<p>Alpha Cond\u00e9, 84 ans aujourd\u2019hui, a \u00e9t\u00e9 renvers\u00e9 le 5 septembre lors d\u2019un putsch conduit par le colonel Mamady Doumbouya \u00e0 la t\u00eate de ses forces sp\u00e9ciales. Gard\u00e9 prisonnier par les militaires apr\u00e8s le putsch, il avait \u00e9t\u00e9 autoris\u00e9 \u00e0 se rendre mi-janvier aux \u00c9mirats arabes unis pour \u00eatre soign\u00e9. Il est rentr\u00e9 en Guin\u00e9e depuis. La junte assure qu\u2019il est libre de ses mouvements.<\/p>\n<p>A la suite de son coup d\u2019Etat en septembre 2021, le colonel Doumbouya a assur\u00e9 qu\u2019il n\u2019y aurait pas de \u00ab\u00a0chasse aux sorci\u00e8res\u00a0\u00bb, mais que la justice serait la \u00ab\u00a0boussole\u00a0\u00bb du pays.<\/p>\n<p style=\"text-align: right\"><strong>Sidwaya.info<\/strong><\/p>\n<\/div>\n<p>Auteur: Wamini SIDWAYA<br \/>\n<a href=\"https:\/\/www.sidwaya.info\/blog\/2022\/05\/05\/guinee-lancien-president-alpha-conde-et-plusieurs-anciens-dignitaires-vises-par-des-poursuites-judiciaires\/\">Cliquez ici pour lire l&rsquo;article depuis sa source.<\/a><\/p>\n","protected":false},"excerpt":{"rendered":"<p>L\u2019ancien pr\u00e9sident guin\u00e9en, Alpha Cond\u00e9 et 26 autres personnalit\u00e9s, anciens hauts responsables sous sa pr\u00e9sidence, font l\u2019objet d\u2019 \u00ab instructions aux fins de poursuites judiciaires \u00bb selon un ordre de poursuite en date du mercredi 04 mai sign\u00e9 du procureur g\u00e9n\u00e9ral de Conakry, Alphonse Charles Wright. Il leur est reproch\u00e9 une dizaine de faits dont [&hellip;]<\/p>\n","protected":false},"author":1816,"featured_media":0,"comment_status":"closed","ping_status":"closed","sticky":false,"template":"","format":"standard","meta":{"fifu_image_url":"","fifu_image_alt":"","footnotes":""},"categories":[73,81],"tags":[],"class_list":["post-147036","post","type-post","status-publish","format-standard","hentry","category-actualite","category-burkina-faso"],"_links":{"self":[{"href":"https:\/\/linitiative.ca\/International\/wp-json\/wp\/v2\/posts\/147036","targetHints":{"allow":["GET"]}}],"collection":[{"href":"https:\/\/linitiative.ca\/International\/wp-json\/wp\/v2\/posts"}],"about":[{"href":"https:\/\/linitiative.ca\/International\/wp-json\/wp\/v2\/types\/post"}],"author":[{"embeddable":true,"href":"https:\/\/linitiative.ca\/International\/wp-json\/wp\/v2\/users\/1816"}],"replies":[{"embeddable":true,"href":"https:\/\/linitiative.ca\/International\/wp-json\/wp\/v2\/comments?post=147036"}],"version-history":[{"count":0,"href":"https:\/\/linitiative.ca\/International\/wp-json\/wp\/v2\/posts\/147036\/revisions"}],"wp:attachment":[{"href":"https:\/\/linitiative.ca\/International\/wp-json\/wp\/v2\/media?parent=147036"}],"wp:term":[{"taxonomy":"category","embeddable":true,"href":"https:\/\/linitiative.ca\/International\/wp-json\/wp\/v2\/categories?post=147036"},{"taxonomy":"post_tag","embeddable":true,"href":"https:\/\/linitiative.ca\/International\/wp-json\/wp\/v2\/tags?post=147036"}],"curies":[{"name":"wp","href":"https:\/\/api.w.org\/{rel}","templated":true}]}}