{"id":147038,"date":"2022-05-05T07:44:44","date_gmt":"2022-05-05T11:44:44","guid":{"rendered":"https:\/\/linitiative.ca\/International\/developpement-des-infrastructures-numeriques-un-taux-dexecution-de-100-enregistre\/"},"modified":"2022-05-05T07:44:44","modified_gmt":"2022-05-05T11:44:44","slug":"developpement-des-infrastructures-numeriques-un-taux-dexecution-de-100-enregistre","status":"publish","type":"post","link":"https:\/\/linitiative.ca\/International\/developpement-des-infrastructures-numeriques-un-taux-dexecution-de-100-enregistre\/","title":{"rendered":"D\u00e9veloppement des infrastructures num\u00e9riques\u00a0: Un taux d\u2019ex\u00e9cution de 100% enregistr\u00e9"},"content":{"rendered":"<div>\n<p><strong>Le Comit\u00e9 de revue du programme budg\u00e9taire \u00ab\u00a0D\u00e9veloppement des infrastructures de communications \u00e9lectroniques\u00a0\u00bb a organis\u00e9 sa premi\u00e8re session 2022, le mercredi 27 avril 2022 \u00e0 Ouagadougou. <\/strong><\/p>\n<p>Cr\u00e9\u00e9 le 2 avril 2020 par arr\u00eat\u00e9 minist\u00e9riel, le comit\u00e9 de revue du programme budg\u00e9taire \u00ab D\u00e9veloppement des infrastructures de communications \u00e9lectroniques \u00bb a tenu le mercredi 27 avril sa premi\u00e8re session de l\u2019ann\u00e9e 2022. Cette session a permis de faire une \u00e9valuation de la mise en \u0153uvre des programmes d\u2019activit\u00e9s de l\u2019ann\u00e9e \u00e9coul\u00e9e et d\u2019adopter le budget de l\u2019ann\u00e9e 2022. <em>\u00ab L\u2019ensemble des membres du comit\u00e9 de revue ce sont r\u00e9unis ce jour conform\u00e9ment \u00e0 ce qui est pr\u00e9vu dans les textes pour examiner les indicateurs de la performance de la mise en \u0153uvre du projet au cours de l\u2019ann\u00e9e 2021 \u00bb,<\/em> a indiqu\u00e9 le Conseiller technique en charge du minist\u00e8re de la Transition digitale, Saidou Yanogo, par ailleurs responsable du programme budg\u00e9taire \u2018\u2019 D\u00e9veloppement des infrastructures de communications \u00e9lectroniques\u2019\u2019. Il a ajout\u00e9 que le comit\u00e9 de revue a fait le bilan des activit\u00e9s de 2021 afin de pouvoir arr\u00eater les valeurs d\u00e9finitives de performance.<\/p>\n<p>Le secr\u00e9taire g\u00e9n\u00e9ral du minist\u00e8re en charge de la transition digitale, Kisito Traor\u00e9 a fait savoir que l\u2019\u00e9valuation finale a fait ressortir un taux d\u2019ex\u00e9cution physique de 100% et un taux financier de 96 %. En termes d\u2019acquis, il a not\u00e9 entre autres la r\u00e9alisation de 492 km de travaux de g\u00e9nie civil de r\u00e9seaux portant le total de g\u00e9nie civil du Backbone \u00e0 2001 Km, la pose de 775 km de fibres optique portant \u00e9galement le total des fibres d\u00e9ploy\u00e9s \u00e0 2001 km<\/p>\n<p>Le programme d\u00e9veloppement des infrastructures de communications \u00e9lectroniques a \u00e9t\u00e9 subdivis\u00e9 en trois projets. Il s\u2019agit du projet r\u00e9gional ouest-africain d\u2019infrastructure de communication (PRICAO) dont la mise en \u0153uvre a pris fin en juillet 2021. Il y a aussi le projet d\u2019appui au d\u00e9veloppement des technologies de l\u2019information et la communication du Burkina Faso (PADTIC\/BKF-021) et le projet Backbone National des t\u00e9l\u00e9communications (PBNT).<\/p>\n<figure id=\"attachment_49032\" aria-describedby=\"caption-attachment-49032\" style=\"width: 900px\" class=\"wp-caption alignnone\"><img decoding=\"async\" data-attachment-id=\"49032\" data-permalink=\"https:\/\/www.sidwaya.info\/blog\/2022\/05\/05\/developpement-des-infrastructures-numeriques-un-taux-dexecution-de-100-enregistre\/2-723\/\" data-orig-file=\"https:\/\/linitiative.ca\/International\/wp-content\/uploads\/sites\/23\/2022\/05\/2-1.jpeg\" data-orig-size=\"900,673\" data-comments-opened=\"1\" data-image-meta='{\"aperture\":\"0\",\"credit\":\"\",\"camera\":\"\",\"caption\":\"\",\"created_timestamp\":\"0\",\"copyright\":\"\",\"focal_length\":\"0\",\"iso\":\"0\",\"shutter_speed\":\"0\",\"title\":\"\",\"orientation\":\"1\"}' data-image-title=\"2\" data-image-description=\"\" data-image-caption=\"&lt;p&gt;Le Comit\u00e9 de revue du programme budg\u00e9taire a examin\u00e9 les indicateurs de performance de la mise en \u0153uvre des projets au cours de l\u2019ann\u00e9e 2021&lt;\/p&gt;\n\" data-medium-file=\"https:\/\/www.sidwaya.info\/wp-content\/uploads\/2022\/05\/2-1-300x224.jpeg\" data-large-file=\"https:\/\/linitiative.ca\/International\/wp-content\/uploads\/sites\/23\/2022\/05\/2-1.jpeg\" loading=\"lazy\" class=\"size-full wp-image-49032\" src=\"https:\/\/linitiative.ca\/International\/wp-content\/uploads\/sites\/23\/2022\/05\/2-1.jpeg\" alt=\"\" width=\"900\" height=\"673\" srcset=\"https:\/\/linitiative.ca\/International\/wp-content\/uploads\/sites\/23\/2022\/05\/2-1.jpeg 900w, https:\/\/www.sidwaya.info\/wp-content\/uploads\/2022\/05\/2-1-300x224.jpeg 300w, https:\/\/www.sidwaya.info\/wp-content\/uploads\/2022\/05\/2-1-768x574.jpeg 768w, https:\/\/www.sidwaya.info\/wp-content\/uploads\/2022\/05\/2-1-150x112.jpeg 150w, https:\/\/www.sidwaya.info\/wp-content\/uploads\/2022\/05\/2-1-696x520.jpeg 696w, https:\/\/www.sidwaya.info\/wp-content\/uploads\/2022\/05\/2-1-562x420.jpeg 562w, https:\/\/www.sidwaya.info\/wp-content\/uploads\/2022\/05\/2-1-80x60.jpeg 80w, https:\/\/www.sidwaya.info\/wp-content\/uploads\/2022\/05\/2-1-265x198.jpeg 265w\" sizes=\"auto, (max-width: 900px) 100vw, 900px\"><figcaption id=\"caption-attachment-49032\" class=\"wp-caption-text\">Le Comit\u00e9 de revue du programme budg\u00e9taire a examin\u00e9 les indicateurs de performance de la mise en \u0153uvre des projets au cours de l\u2019ann\u00e9e 2021<\/figcaption><\/figure>\n<p>Le conseiller technique du minist\u00e8re en charge de la Transition digitale, Saidou Yanogo a pour sa part pr\u00e9cis\u00e9 que le projet PADTIC continuera jusqu\u2019en janvier 2023 et le projet Backbone quant \u00e0 lui finira en mars 2023. M.Yanogo a soulign\u00e9 que les d\u00e9penses d\u2019investissements de 2021 de ces trois projets s\u2019\u00e9l\u00e8vent \u00e0 plus 28 milliards F CFA d\u2019investissement. Il s\u2019est dit satisfait des indicateurs de performances parce qu\u2019en termes de r\u00e9alisation physique le taux le plus bas est \u00e0 85 % et en terme d\u2019ex\u00e9cution financier le taux le plus bas est \u00e0 77 %. <em>\u00ab\u00a0Il y a un motif de satisfaction pour les performances que les projets ont enregistr\u00e9 en 2021\u00a0\u00bb<\/em>, s\u2019est-il f\u00e9licit\u00e9. Le conseiller technique a \u00e9galement a d\u00e9clar\u00e9 que le projet PRICAO a permis de r\u00e9aliser la fibre optique entre Diendiego et Zabr\u00e9, de renforcer les \u00e9quipements des points d\u2019atterrissement virtuelle de Ouagadougou et de Bobo-Dioulasso.<\/p>\n<p>Quant au projet PADTIC\/BKF-021, il a fait savoir que ce projet a permis de raccorder des sites dont environ 135 r\u00e9seaux ont \u00e9t\u00e9 peints et 93 sites ont \u00e9t\u00e9 raccord\u00e9s au niveau de l\u2019administration.<\/p>\n<p>Un taux en dessous de la moyenne qui s\u2019explique par la situation s\u00e9curitaire que traverse le pays mais aussi par la survenue de la pand\u00e9mie du covid-19. Pour ce qui est du projet RESINA, le SG a expliqu\u00e9 le faible taux d\u2019ex\u00e9cution et la diff\u00e9rence consid\u00e9rable entre le taux d\u2019ex\u00e9cution physique et celui financier, par l\u2019absence de partenaires financiers autre que l\u2019Etat lui-m\u00eame. C\u2019est uniquement le budget de l\u2019Etat qui finance ce projet alors que ce dernier est tributaire parfois de r\u00e9gulations, particuli\u00e8rement en cette p\u00e9riode de crises.<\/p>\n<p>Le responsable du Programme budg\u00e9taire d\u00e9veloppement des infrastructures de communications \u00e9lectroniques Sa\u00efdou Yanogo a r\u00e9v\u00e9l\u00e9 que malgr\u00e9 ce contexte difficile, les choses ont avanc\u00e9 et le bilan est satisfaisant.<\/p>\n<p><strong>Wamini Micheline OUEDRAOGO<\/strong><\/p>\n<\/div>\n<p>Auteur: Wamini SIDWAYA<br \/>\n<a href=\"https:\/\/www.sidwaya.info\/blog\/2022\/05\/05\/developpement-des-infrastructures-numeriques-un-taux-dexecution-de-100-enregistre\/\">Cliquez ici pour lire l&rsquo;article depuis sa source.<\/a><\/p>\n","protected":false},"excerpt":{"rendered":"<p>Le Comit\u00e9 de revue du programme budg\u00e9taire \u00ab\u00a0D\u00e9veloppement des infrastructures de communications \u00e9lectroniques\u00a0\u00bb a organis\u00e9 sa premi\u00e8re session 2022, le mercredi 27 avril 2022 \u00e0 Ouagadougou. Cr\u00e9\u00e9 le 2 avril 2020 par arr\u00eat\u00e9 minist\u00e9riel, le comit\u00e9 de revue du programme budg\u00e9taire \u00ab D\u00e9veloppement des infrastructures de communications \u00e9lectroniques \u00bb a tenu le mercredi 27 avril [&hellip;]<\/p>\n","protected":false},"author":1816,"featured_media":0,"comment_status":"closed","ping_status":"closed","sticky":false,"template":"","format":"standard","meta":{"fifu_image_url":"https:\/\/www.sidwaya.info\/wp-content\/uploads\/2022\/05\/2-1.jpeg","fifu_image_alt":"D\u00e9veloppement des infrastructures num\u00e9riques\u00a0: Un taux d\u2019ex\u00e9cution de 100% enregistr\u00e9","footnotes":""},"categories":[73,81],"tags":[],"class_list":["post-147038","post","type-post","status-publish","format-standard","hentry","category-actualite","category-burkina-faso"],"_links":{"self":[{"href":"https:\/\/linitiative.ca\/International\/wp-json\/wp\/v2\/posts\/147038","targetHints":{"allow":["GET"]}}],"collection":[{"href":"https:\/\/linitiative.ca\/International\/wp-json\/wp\/v2\/posts"}],"about":[{"href":"https:\/\/linitiative.ca\/International\/wp-json\/wp\/v2\/types\/post"}],"author":[{"embeddable":true,"href":"https:\/\/linitiative.ca\/International\/wp-json\/wp\/v2\/users\/1816"}],"replies":[{"embeddable":true,"href":"https:\/\/linitiative.ca\/International\/wp-json\/wp\/v2\/comments?post=147038"}],"version-history":[{"count":0,"href":"https:\/\/linitiative.ca\/International\/wp-json\/wp\/v2\/posts\/147038\/revisions"}],"wp:attachment":[{"href":"https:\/\/linitiative.ca\/International\/wp-json\/wp\/v2\/media?parent=147038"}],"wp:term":[{"taxonomy":"category","embeddable":true,"href":"https:\/\/linitiative.ca\/International\/wp-json\/wp\/v2\/categories?post=147038"},{"taxonomy":"post_tag","embeddable":true,"href":"https:\/\/linitiative.ca\/International\/wp-json\/wp\/v2\/tags?post=147038"}],"curies":[{"name":"wp","href":"https:\/\/api.w.org\/{rel}","templated":true}]}}