{"id":147046,"date":"2022-05-05T12:18:05","date_gmt":"2022-05-05T16:18:05","guid":{"rendered":"https:\/\/linitiative.ca\/International\/zimbabwe-les-deputes-veulent-la-comparution-de-mnangagwa-pour-corruption\/"},"modified":"2022-05-05T12:18:05","modified_gmt":"2022-05-05T16:18:05","slug":"zimbabwe-les-deputes-veulent-la-comparution-de-mnangagwa-pour-corruption","status":"publish","type":"post","link":"https:\/\/linitiative.ca\/International\/zimbabwe-les-deputes-veulent-la-comparution-de-mnangagwa-pour-corruption\/","title":{"rendered":"Zimbabwe : les d\u00e9put\u00e9s veulent la comparution de Mnangagwa pour corruption"},"content":{"rendered":"<div>\n<p><img decoding=\"async\" width=\"774\" height=\"442\" src=\"https:\/\/linitiative.ca\/International\/wp-content\/uploads\/sites\/23\/2022\/05\/16517674935231.jpg\" class=\"attachment-post-thumbnail size-post-thumbnail wp-post-image\" alt=\"\" loading=\"lazy\" srcset=\"https:\/\/linitiative.ca\/International\/wp-content\/uploads\/sites\/23\/2022\/05\/16517674935231.jpg 774w, https:\/\/www.journalducameroun.com\/wp-content\/uploads\/2022\/05\/16517674935231-300x171.jpg 300w, https:\/\/www.journalducameroun.com\/wp-content\/uploads\/2022\/05\/16517674935231-768x439.jpg 768w, https:\/\/www.journalducameroun.com\/wp-content\/uploads\/2022\/05\/16517674935231-160x90.jpg 160w, https:\/\/www.journalducameroun.com\/wp-content\/uploads\/2022\/05\/16517674935231-770x440.jpg 770w, https:\/\/www.journalducameroun.com\/wp-content\/uploads\/2022\/05\/16517674935231-350x200.jpg 350w, https:\/\/www.journalducameroun.com\/wp-content\/uploads\/2022\/05\/16517674935231-600x343.jpg 600w\" sizes=\"auto, (max-width: 774px) 100vw, 774px\"><\/p>\n<p>Les d\u00e9put\u00e9s zimbabw\u00e9ens demandent la comparution du pr\u00e9sident de la R\u00e9publique Emmerson Mnangagwa \u00e0 la Commission parlementaire des comptes publics (PAC) pour les all\u00e9gations de corruption soulev\u00e9es par la v\u00e9rificatrice g\u00e9n\u00e9rale.Le d\u00e9put\u00e9 de l&rsquo;opposition Themba Mliswa, a soutenu que M. Mnangagwa devrait se pr\u00e9senter devant la PAC pour r\u00e9pondre aux questions sur le manque d&rsquo;action de son gouvernement sur les all\u00e9gations de corruption et d&rsquo;autres questions soulev\u00e9es par la v\u00e9rificatrice g\u00e9n\u00e9rale, Mildred Chiri.<\/p>\n<p>Mliswa a d\u00e9clar\u00e9 que le pr\u00e9sident Mnangagwa doit r\u00e9pondre sur l&rsquo;int\u00e9gration certains fonctionnaires, notamment des ministres, accus\u00e9s de corruption. \u00ab Nous attendons que le pr\u00e9sident soit appel\u00e9 \u00e0 venir r\u00e9pondre aux questions sur ce qui se passe dans son gouvernement. Ses soldats sont occup\u00e9s \u00e0 se remplir les poches avec les fonds publics \u00bb, a d\u00e9clar\u00e9 l&rsquo;opposant Mliswa. \u00ab Certains parlementaires ont peur de convoquer le pr\u00e9sident sur les questions soulev\u00e9es par le v\u00e9rificateur g\u00e9n\u00e9ral \u00bb, a-t-il ajout\u00e9.<\/p>\n<p>Mliswa est le pr\u00e9sident des parlementaires africains contre la corruption, un groupe de lutte contre la corruption, qui souhaite que le gouvernement zimbabw\u00e9en fasse l&rsquo;objet d&rsquo;une enqu\u00eate sur les fonds non comptabilis\u00e9s s&rsquo;\u00e9levant \u00e0 des milliards de dollars, selon le dernier rapport du v\u00e9rificateur g\u00e9n\u00e9ral.<\/p>\n<p>Dans son rapport publi\u00e9 l&rsquo;ann\u00e9e derni\u00e8re, Mme Chiri a d\u00e9clar\u00e9 que certains minist\u00e8res ne parviennent pas \u00e0 rendre compte de millions de dollars et que tout porte \u00e0 croire qu&rsquo;ils ne sont pas pr\u00eats \u00e0 le faire dans un avenir proche.<\/p>\n<p>Le pr\u00e9sident de la PAC, Brian Dube, s&rsquo;est rang\u00e9 sur l&rsquo;avis de Mliswa, affirmant que le dirigeant zimbabw\u00e9en devrait \u00ab dire aux citoyens ce qui se passe dans son gouvernement \u00bb.<\/p>\n<p>Cet article <a rel=\"nofollow\" href=\"https:\/\/www.journalducameroun.com\/zimbabwe-les-deputes-veulent-la-comparution-de-mnangagwa-pour-corruption\/\">Zimbabwe : les d\u00e9put\u00e9s veulent la comparution de Mnangagwa pour corruption<\/a> est apparu en premier sur <a rel=\"nofollow\" href=\"https:\/\/www.journalducameroun.com\/\">Journal du Cameroun<\/a>.<\/p>\n<\/div>\n<p>Auteur: APA News<br \/>\n<a href=\"https:\/\/www.journalducameroun.com\/zimbabwe-les-deputes-veulent-la-comparution-de-mnangagwa-pour-corruption\/\">Cliquez ici pour lire l&rsquo;article depuis sa source.<\/a><\/p>\n","protected":false},"excerpt":{"rendered":"<p>Les d\u00e9put\u00e9s zimbabw\u00e9ens demandent la comparution du pr\u00e9sident de la R\u00e9publique Emmerson Mnangagwa \u00e0 la Commission parlementaire des comptes publics (PAC) pour les all\u00e9gations de corruption soulev\u00e9es par la v\u00e9rificatrice g\u00e9n\u00e9rale.Le d\u00e9put\u00e9 de l&rsquo;opposition Themba Mliswa, a soutenu que M. Mnangagwa devrait se pr\u00e9senter devant la PAC pour r\u00e9pondre aux questions sur le manque d&rsquo;action [&hellip;]<\/p>\n","protected":false},"author":1965,"featured_media":0,"comment_status":"closed","ping_status":"closed","sticky":false,"template":"","format":"standard","meta":{"fifu_image_url":"https:\/\/www.journalducameroun.com\/wp-content\/uploads\/2022\/05\/16517674935231.jpg","fifu_image_alt":"Zimbabwe : les d\u00e9put\u00e9s veulent la comparution de Mnangagwa pour corruption","footnotes":""},"categories":[73,82],"tags":[],"class_list":["post-147046","post","type-post","status-publish","format-standard","hentry","category-actualite","category-cameroun"],"_links":{"self":[{"href":"https:\/\/linitiative.ca\/International\/wp-json\/wp\/v2\/posts\/147046","targetHints":{"allow":["GET"]}}],"collection":[{"href":"https:\/\/linitiative.ca\/International\/wp-json\/wp\/v2\/posts"}],"about":[{"href":"https:\/\/linitiative.ca\/International\/wp-json\/wp\/v2\/types\/post"}],"author":[{"embeddable":true,"href":"https:\/\/linitiative.ca\/International\/wp-json\/wp\/v2\/users\/1965"}],"replies":[{"embeddable":true,"href":"https:\/\/linitiative.ca\/International\/wp-json\/wp\/v2\/comments?post=147046"}],"version-history":[{"count":0,"href":"https:\/\/linitiative.ca\/International\/wp-json\/wp\/v2\/posts\/147046\/revisions"}],"wp:attachment":[{"href":"https:\/\/linitiative.ca\/International\/wp-json\/wp\/v2\/media?parent=147046"}],"wp:term":[{"taxonomy":"category","embeddable":true,"href":"https:\/\/linitiative.ca\/International\/wp-json\/wp\/v2\/categories?post=147046"},{"taxonomy":"post_tag","embeddable":true,"href":"https:\/\/linitiative.ca\/International\/wp-json\/wp\/v2\/tags?post=147046"}],"curies":[{"name":"wp","href":"https:\/\/api.w.org\/{rel}","templated":true}]}}