{"id":147051,"date":"2022-05-05T17:18:06","date_gmt":"2022-05-05T21:18:06","guid":{"rendered":"https:\/\/linitiative.ca\/International\/rabat-lancement-du-projet-de-construction-dun-nouvel-hopital-avec-une-capacite-de-1000-lits\/"},"modified":"2022-05-05T17:18:06","modified_gmt":"2022-05-05T21:18:06","slug":"rabat-lancement-du-projet-de-construction-dun-nouvel-hopital-avec-une-capacite-de-1000-lits","status":"publish","type":"post","link":"https:\/\/linitiative.ca\/International\/rabat-lancement-du-projet-de-construction-dun-nouvel-hopital-avec-une-capacite-de-1000-lits\/","title":{"rendered":"Rabat: Lancement du projet de construction d\u2019un nouvel h\u00f4pital avec une capacit\u00e9 de 1000 lits"},"content":{"rendered":"<div>\n<p><img decoding=\"async\" width=\"1270\" height=\"704\" src=\"https:\/\/linitiative.ca\/International\/wp-content\/uploads\/sites\/23\/2022\/05\/16517855007115.jpg\" class=\"attachment-post-thumbnail size-post-thumbnail wp-post-image\" alt=\"\" loading=\"lazy\" srcset=\"https:\/\/linitiative.ca\/International\/wp-content\/uploads\/sites\/23\/2022\/05\/16517855007115.jpg 1270w, https:\/\/www.journalducameroun.com\/wp-content\/uploads\/2022\/05\/16517855007115-300x166.jpg 300w, https:\/\/www.journalducameroun.com\/wp-content\/uploads\/2022\/05\/16517855007115-1024x568.jpg 1024w, https:\/\/www.journalducameroun.com\/wp-content\/uploads\/2022\/05\/16517855007115-768x426.jpg 768w, https:\/\/www.journalducameroun.com\/wp-content\/uploads\/2022\/05\/16517855007115-160x90.jpg 160w, https:\/\/www.journalducameroun.com\/wp-content\/uploads\/2022\/05\/16517855007115-794x440.jpg 794w, https:\/\/www.journalducameroun.com\/wp-content\/uploads\/2022\/05\/16517855007115-600x333.jpg 600w\" sizes=\"auto, (max-width: 1270px) 100vw, 1270px\"><\/p>\n<p>Le Roi Mohammed VI a proc\u00e9d\u00e9, jeudi \u00e0 Rabat, au lancement des travaux de construction du nouvel h\u00f4pital \u00abIbn Sina\u00bb, un projet futuriste qui viendra renforcer l&rsquo;offre sanitaire du Royaume avec une capacit\u00e9 d&rsquo;accueil de plus de 1.000 lits.Mobilisant des investissements de plus de 6 milliards de dirhams, ce projet, \u00e0 forte port\u00e9e sociale, s&rsquo;inscrit dans le cadre d&rsquo;une vision globale de renforcement de la structure sanitaire actuelle du Royaume. Il t\u00e9moigne de l&rsquo;int\u00e9r\u00eat particulier qu&rsquo;accorde le Souverain au secteur de la sant\u00e9, \u00e0 travers notamment le d\u00e9veloppement des infrastructures hospitali\u00e8res, le renforcement des services de sant\u00e9 de base et leur rapprochement des citoyens.<\/p>\n<p>Le futur h\u00f4pital permettra d&rsquo;assurer davantage de compl\u00e9mentarit\u00e9 dans la carte sanitaire au niveau de la r\u00e9gion Rabat-Sal\u00e9-K\u00e9nitra, tout en redonnant \u00e0 l&rsquo;h\u00f4pital \u00abIbn Sina\u00bb, construit en 1954, la place historique qu&rsquo;il occupait en tant que p\u00e9pini\u00e8re de comp\u00e9tences et structure de recherche m\u00e9dicale.<\/p>\n<p>Structure de soins de nouvelle g\u00e9n\u00e9ration, le nouvel h\u00f4pital, qui sera construit sur un terrain dont la superficie totale est de 11,4 ha, se veut moderne par son architecture, par la qualit\u00e9 d&rsquo;offre des soins et par l&rsquo;int\u00e9gration des nouvelles technologies de pointe.<\/p>\n<p>Il sera compos\u00e9 d&rsquo;une tour d&rsquo;hospitalisation (R+ 33 \u00e9tages, avec 2 niveaux inf\u00e9rieurs), d&rsquo;un p\u00f4le m\u00e9dico-technique de cinq \u00e9tages (avec trois niveaux inf\u00e9rieurs), d&rsquo;une tour de 11 \u00e9tages (avec trois niveaux inf\u00e9rieurs) d\u00e9di\u00e9e \u00e0 la Ligue nationale de lutte contre les maladies cardiovasculaires, d&rsquo;un Centre de Conf\u00e9rences et d&rsquo;un autre de Formation, et un Internat.<\/p>\n<p>La partie Nord-Est du terrain, qui abrite l&rsquo;actuel h\u00f4pital, sera, quant \u00e0 elle, am\u00e9nag\u00e9e en espaces verts et jardins et devra accueillir \u00e9ventuellement un mus\u00e9e de la m\u00e9decine et autres annexes.<\/p>\n<p>Avec une surface couverte de plus de 190.000 m2, le futur h\u00f4pital comportera notamment un p\u00f4le d&rsquo;hospitalisation, des unit\u00e9s de soins intensifs, des h\u00f4pitaux de jour, des services de consultations externes, d&rsquo;exploration, des urgences et de soins de suite et de r\u00e9adaptation, des unit\u00e9s de r\u00e9animation, une unit\u00e9 des grands br\u00fbl\u00e9s, un service des maladies respiratoires graves, un Centre d&rsquo;h\u00e9modialyse, et des plateaux techniques.<\/p>\n<p>Il aura une capacit\u00e9 d&rsquo;accueil de 1.044 lits, dont 148 lits d\u00e9di\u00e9s aux unit\u00e9s de r\u00e9animation et de soins intensifs.<\/p>\n<p>Cet h\u00f4pital aux normes high-tech et \u00e0 l&rsquo;architecture singuli\u00e8re et novatrice sera dot\u00e9 \u00e9galement d&rsquo;une h\u00e9listation, d&rsquo;un parking d&rsquo;une capacit\u00e9 de 1.300 places de stationnement, et d&rsquo;espaces verts favorisant la r\u00e9cup\u00e9ration et la d\u00e9tente des patients en convalescence.<\/p>\n<p>Il int\u00e8grera dans sa conception les meilleures pratiques d&rsquo;\u00e9co-construction ainsi que des technologies de nouvelle g\u00e9n\u00e9ration (filtres solaires, panneaux photovolta\u00efques, ventilation naturelle, r\u00e9cup\u00e9ration des eaux pluviales et leur utilisation dans l&rsquo;arrosage des espaces vertes de l&rsquo;h\u00f4pital) permettant une meilleure efficacit\u00e9 \u00e9nerg\u00e9tique, en droite ligne des engagements du Maroc en faveur du d\u00e9veloppement durable.<\/p>\n<p>Ce projet, qui sera r\u00e9alis\u00e9 dans un d\u00e9lai de 48 mois, viendra consolider l&rsquo;offre de soins au niveau de l&rsquo;axe Rabat-Sal\u00e9-K\u00e9nitra, qui compte actuellement 10 h\u00f4pitaux universitaires et 12 h\u00f4pitaux provinciaux et pr\u00e9fectoraux, d&rsquo;une capacit\u00e9 globale de 4.433 lits (173 lits de r\u00e9animation, dont 126 au Centre Hospitalier Universitaire Ibn Sina). Cette capacit\u00e9 devra s&rsquo;\u00e9tablir \u00e0 5.049 lits \u00e0 la fin de l&rsquo;ann\u00e9e 2022 avec l&rsquo;entr\u00e9e en service de 7 projets hospitaliers qui sont en cours de finition.<\/p>\n<p>Cet article <a rel=\"nofollow\" href=\"https:\/\/www.journalducameroun.com\/rabat-lancement-du-projet-de-construction-dun-nouvel-hopital-avec-une-capacite-de-1000-lits\/\">Rabat: Lancement du projet de construction d\u2019un nouvel h\u00f4pital avec une capacit\u00e9 de 1000 lits<\/a> est apparu en premier sur <a rel=\"nofollow\" href=\"https:\/\/www.journalducameroun.com\/\">Journal du Cameroun<\/a>.<\/p>\n<\/div>\n<p>Auteur: APA News<br \/>\n<a href=\"https:\/\/www.journalducameroun.com\/rabat-lancement-du-projet-de-construction-dun-nouvel-hopital-avec-une-capacite-de-1000-lits\/\">Cliquez ici pour lire l&rsquo;article depuis sa source.<\/a><\/p>\n","protected":false},"excerpt":{"rendered":"<p>Le Roi Mohammed VI a proc\u00e9d\u00e9, jeudi \u00e0 Rabat, au lancement des travaux de construction du nouvel h\u00f4pital \u00abIbn Sina\u00bb, un projet futuriste qui viendra renforcer l&rsquo;offre sanitaire du Royaume avec une capacit\u00e9 d&rsquo;accueil de plus de 1.000 lits.Mobilisant des investissements de plus de 6 milliards de dirhams, ce projet, \u00e0 forte port\u00e9e sociale, s&rsquo;inscrit [&hellip;]<\/p>\n","protected":false},"author":1965,"featured_media":0,"comment_status":"closed","ping_status":"closed","sticky":false,"template":"","format":"standard","meta":{"fifu_image_url":"https:\/\/www.journalducameroun.com\/wp-content\/uploads\/2022\/05\/16517855007115.jpg","fifu_image_alt":"Rabat: Lancement du projet de construction d\u2019un nouvel h\u00f4pital avec une capacit\u00e9 de 1000 lits","footnotes":""},"categories":[73,82],"tags":[],"class_list":["post-147051","post","type-post","status-publish","format-standard","hentry","category-actualite","category-cameroun"],"_links":{"self":[{"href":"https:\/\/linitiative.ca\/International\/wp-json\/wp\/v2\/posts\/147051","targetHints":{"allow":["GET"]}}],"collection":[{"href":"https:\/\/linitiative.ca\/International\/wp-json\/wp\/v2\/posts"}],"about":[{"href":"https:\/\/linitiative.ca\/International\/wp-json\/wp\/v2\/types\/post"}],"author":[{"embeddable":true,"href":"https:\/\/linitiative.ca\/International\/wp-json\/wp\/v2\/users\/1965"}],"replies":[{"embeddable":true,"href":"https:\/\/linitiative.ca\/International\/wp-json\/wp\/v2\/comments?post=147051"}],"version-history":[{"count":0,"href":"https:\/\/linitiative.ca\/International\/wp-json\/wp\/v2\/posts\/147051\/revisions"}],"wp:attachment":[{"href":"https:\/\/linitiative.ca\/International\/wp-json\/wp\/v2\/media?parent=147051"}],"wp:term":[{"taxonomy":"category","embeddable":true,"href":"https:\/\/linitiative.ca\/International\/wp-json\/wp\/v2\/categories?post=147051"},{"taxonomy":"post_tag","embeddable":true,"href":"https:\/\/linitiative.ca\/International\/wp-json\/wp\/v2\/tags?post=147051"}],"curies":[{"name":"wp","href":"https:\/\/api.w.org\/{rel}","templated":true}]}}