{"id":147053,"date":"2022-05-05T04:06:25","date_gmt":"2022-05-05T08:06:25","guid":{"rendered":"https:\/\/linitiative.ca\/International\/developpement-participatif-pres-de-111-milliards-de-fcfa-mobilisees-pour-la-3e-phase-du-pndp\/"},"modified":"2022-05-05T04:06:25","modified_gmt":"2022-05-05T08:06:25","slug":"developpement-participatif-pres-de-111-milliards-de-fcfa-mobilisees-pour-la-3e-phase-du-pndp","status":"publish","type":"post","link":"https:\/\/linitiative.ca\/International\/developpement-participatif-pres-de-111-milliards-de-fcfa-mobilisees-pour-la-3e-phase-du-pndp\/","title":{"rendered":"D\u00e9veloppement participatif\u00a0: Pr\u00e8s de 111 milliards de Fcfa mobilis\u00e9es pour la 3e phase du Pndp"},"content":{"rendered":"<div>\n<p>Le Programme national de d\u00e9veloppement participatif (Pndp) vient de rendre public le bilan de la troisi\u00e8me phase dudit programme baptis\u00e9e \u00ab\u2009phase de consolidation et de p\u00e9rennisation\u2009\u00bb. Lanc\u00e9e par la Banque mondiale (bailleur de fonds) en 2016 pour une dur\u00e9e de 4 ans (elle devait s\u2019achever en 2020, ndlr), cette phase a b\u00e9n\u00e9fici\u00e9 d\u2019un financement additionnel destin\u00e9 aux pays qui ont fait face \u00e0 l\u2019afflux des r\u00e9fugi\u00e9s. Une situation qui a impliqu\u00e9 la prolongation de cette phase de deux ans (2020-2022).<\/p>\n<p><strong>Lire aussi : <a href=\"https:\/\/ecomatin.net\/passation-des-marches-un-nouveau-guide-pour-les-acteurs-des-projets-finances-par-le-pndp\/\">Passation des march\u00e9s : un nouveau guide pour les acteurs des projets financ\u00e9s par le Pndp<\/a><\/strong><\/p>\n<p>De ce check-up, il en ressort que sur un intervalle de six ans, le Pndp phase 3 a \u00e9t\u00e9 financ\u00e9 par deux enveloppes distinctes. Pour ce qui est de la premi\u00e8re source de financement, les ressources mobilis\u00e9es ont atteint la barre de 133 millions de dollars soit environ 82 milliards de Fcfa. Ces fonds proviennent respectivement de la fen\u00eatre IDA III, dont le financement s\u2019\u00e9l\u00e8ve \u00e0 70 millions de dollars (43 milliards de Fcfa)\u00a0; des caisses de l\u2019Etat avec 56 millions de dollars (34 milliards de Fcfa) et des 360 communes b\u00e9n\u00e9ficiaires du projet dont le financement est de 7 millions de dollars (4,3 milliards de Fcfa).<\/p>\n<p>En effet, la cl\u00f4ture de ce financement \u00e9tait initialement pr\u00e9vue en 2020, mais \u00e0 la faveur du financement additionnel IDA18 du guichet\u00a0\u00a0r\u00e9fugi\u00e9, il a \u00e9t\u00e9 fix\u00e9 au 30 juin 2022. Ledit financement repr\u00e9sente 48 millions de dollars soit 29 milliards de Fcfa avec 40 millions de dollars (24 milliards de Fcfa) apport\u00e9s sous forme de dons et huit millions de dollars (pr\u00e8s de 5 milliards de Fcfa) sous forme de cr\u00e9dit. En clair, cette enveloppe intervient en r\u00e9ponse \u00e0 la pression exerc\u00e9e par les r\u00e9fugi\u00e9s sur les ressources des communes les abritant.<\/p>\n<p><strong>Lire aussi : <a href=\"https:\/\/ecomatin.net\/developpement-local-le-c2d-premier-bailleur-de-fonds-du-pndp\/\">D\u00e9veloppement local : le C2D premier bailleur de fonds du Pndp<\/a><\/strong><\/p>\n<p>Au total, 993 microprojets ont \u00e9t\u00e9 achev\u00e9s avec 240 plans communaux de d\u00e9veloppement en cours d\u2019actualisation. Au rang des projets r\u00e9alis\u00e9s dans la r\u00e9gion de l\u2019Extr\u00eame-Nord par exemple, des chantiers de construction des mares artificielles. En occurrence celle de Chaffo dans la commune de Goulfey et celle d\u2019Amfara dans le d\u00e9partement du Logone-et-Chari.<\/p>\n<p>Pour ce qui est de l\u2019\u00e9valuation de la mise en \u0153uvre de cette troisi\u00e8me phase, un appel d\u2019offre a \u00e9t\u00e9 lanc\u00e9 \u00e0 l\u2019endroit des experts pour la proposition des indicateurs qui permettront de mieux comprendre l\u2019am\u00e9lioration des capacit\u00e9s des communes et autres b\u00e9n\u00e9ficiaires du projet, afin de mettre en \u0153uvre les mesures et recommandations du programme, apprend-on de l\u2019hebdomadaire Cameroon Business Today. Parmi ces recommandations, l\u2019on note la planification, la maturation, la r\u00e9alisation de microprojets, la p\u00e9rennisation des services offerts.\u00a0\u00a0<\/p>\n<p>Pour m\u00e9moire, le Pndp durant ses 18 ann\u00e9es d\u2019existence a re\u00e7u un financement total de pr\u00e8s de 188,1 milliards de Fcfa. L\u2019AFD (Agence fran\u00e7aise de d\u00e9veloppement) a apport\u00e9 98,1 milliards de Fcfa et la Banque mondiale pr\u00e8s de 90 milliards de Fcfa.<\/p>\n<p>L\u2019article <a rel=\"nofollow\" href=\"https:\/\/ecomatin.net\/developpement-participatif-pres-de-111-milliards-de-fcfa-mobilisees-s-pour-la-3e-phase-du-pndp\/\">D\u00e9veloppement participatif\u00a0: Pr\u00e8s de 111 milliards de Fcfa mobilis\u00e9es pour la 3e phase du Pndp<\/a> est apparu en premier sur <a rel=\"nofollow\" href=\"https:\/\/ecomatin.net\/\">EcoMatin<\/a>.<\/p>\n<\/div>\n<p>Auteur: Mairamou Abdou<br \/>\n<a href=\"https:\/\/ecomatin.net\/developpement-participatif-pres-de-111-milliards-de-fcfa-mobilisees-s-pour-la-3e-phase-du-pndp\/\">Cliquez ici pour lire l&rsquo;article depuis sa source.<\/a><\/p>\n","protected":false},"excerpt":{"rendered":"<p>Le Programme national de d\u00e9veloppement participatif (Pndp) vient de rendre public le bilan de la troisi\u00e8me phase dudit programme baptis\u00e9e \u00ab\u2009phase de consolidation et de p\u00e9rennisation\u2009\u00bb. Lanc\u00e9e par la Banque mondiale (bailleur de fonds) en 2016 pour une dur\u00e9e de 4 ans (elle devait s\u2019achever en 2020, ndlr), cette phase a b\u00e9n\u00e9fici\u00e9 d\u2019un financement additionnel [&hellip;]<\/p>\n","protected":false},"author":1969,"featured_media":0,"comment_status":"closed","ping_status":"closed","sticky":false,"template":"","format":"standard","meta":{"fifu_image_url":"","fifu_image_alt":"","footnotes":""},"categories":[82,78],"tags":[],"class_list":["post-147053","post","type-post","status-publish","format-standard","hentry","category-cameroun","category-economie"],"_links":{"self":[{"href":"https:\/\/linitiative.ca\/International\/wp-json\/wp\/v2\/posts\/147053","targetHints":{"allow":["GET"]}}],"collection":[{"href":"https:\/\/linitiative.ca\/International\/wp-json\/wp\/v2\/posts"}],"about":[{"href":"https:\/\/linitiative.ca\/International\/wp-json\/wp\/v2\/types\/post"}],"author":[{"embeddable":true,"href":"https:\/\/linitiative.ca\/International\/wp-json\/wp\/v2\/users\/1969"}],"replies":[{"embeddable":true,"href":"https:\/\/linitiative.ca\/International\/wp-json\/wp\/v2\/comments?post=147053"}],"version-history":[{"count":0,"href":"https:\/\/linitiative.ca\/International\/wp-json\/wp\/v2\/posts\/147053\/revisions"}],"wp:attachment":[{"href":"https:\/\/linitiative.ca\/International\/wp-json\/wp\/v2\/media?parent=147053"}],"wp:term":[{"taxonomy":"category","embeddable":true,"href":"https:\/\/linitiative.ca\/International\/wp-json\/wp\/v2\/categories?post=147053"},{"taxonomy":"post_tag","embeddable":true,"href":"https:\/\/linitiative.ca\/International\/wp-json\/wp\/v2\/tags?post=147053"}],"curies":[{"name":"wp","href":"https:\/\/api.w.org\/{rel}","templated":true}]}}