{"id":147065,"date":"2022-05-06T11:00:09","date_gmt":"2022-05-06T15:00:09","guid":{"rendered":"https:\/\/linitiative.ca\/International\/al-ikhwan-arrive-dans-les-salles-des-le-11-mai\/"},"modified":"2022-05-06T11:00:09","modified_gmt":"2022-05-06T15:00:09","slug":"al-ikhwan-arrive-dans-les-salles-des-le-11-mai","status":"publish","type":"post","link":"https:\/\/linitiative.ca\/International\/al-ikhwan-arrive-dans-les-salles-des-le-11-mai\/","title":{"rendered":"\u00abAl Ikhwan\u00bb arrive dans les salles  d\u00e8s le 11 mai"},"content":{"rendered":"<div>\n<p><img decoding=\"async\" width=\"300\" height=\"153\" src=\"https:\/\/linitiative.ca\/International\/wp-content\/uploads\/sites\/23\/2022\/05\/film-Al-Ikhwan-300x153-1.png\" class=\"attachment-medium size-medium wp-post-image\" alt=\"\" loading=\"lazy\" srcset=\"https:\/\/linitiative.ca\/International\/wp-content\/uploads\/sites\/23\/2022\/05\/film-Al-Ikhwan-300x153-1.png 300w, https:\/\/aujourdhui.ma\/wp-content\/uploads\/2022\/05\/film-Al-Ikhwan-274x140.png 274w, https:\/\/aujourdhui.ma\/wp-content\/uploads\/2022\/05\/film-Al-Ikhwan.png 746w, https:\/\/aujourdhui.ma\/wp-content\/uploads\/2022\/05\/film-Al-Ikhwan-165x84.png 165w, https:\/\/aujourdhui.ma\/wp-content\/uploads\/2022\/05\/film-Al-Ikhwan-702x358.png 702w\" sizes=\"auto, (max-width: 300px) 100vw, 300px\"><\/p>\n<p><span style=\"color: #800000;\"><strong>C\u2019est un film qui m\u00eale \u00e0 la fois trag\u00e9die et com\u00e9die<\/strong><\/span><span id=\"more-407044\"><\/span><\/p>\n<p>C\u2019est une com\u00e9die parmi les plus attendues au cin\u00e9ma. \u00abAl Ikhwan\u00bb sera projet\u00e9e dans les salles nationales \u00e0 partir du mercredi 11 mai 2022. Produite par la soci\u00e9t\u00e9 de production et de distribution \u00abSW Media\u00bb, cette nouvelle production est r\u00e9alis\u00e9e par l\u2019humoriste Mohamed Amin Al Ahmar alias \u00abTalis\u00bb qui a assur\u00e9 aussi l\u2019\u00e9criture de sc\u00e9nario, le dialogue et la direction artistique. Elle r\u00e9unit en effet une panoplie d\u2019acteurs appartenant \u00e0 diff\u00e9rentes g\u00e9n\u00e9rations \u00e0 l\u2019instar de Fadela Benmoussa, Abdellatif Khamouli, Rawia, Fatima Bouchanep et Salah Eddine Benmoussa. De plus, elle r\u00e9unit les membres de la troupe \u00abHumouraji\u00bb \u00e0 l\u2019instar du duo d\u2019humoristes Sa\u00efd et Wadi3, Rachid Rafik, Mohamed Bassou, Ayoub Idri et Karima Oulhous. Le film a vu \u00e9galement la participation de la danseuse Maya Dbaich dans sa premi\u00e8re exp\u00e9rience cin\u00e9matographique, ainsi que Youssef Ouzilal, plus connu par le personnage de \u00abFatima Tawil\u00bb.<\/p>\n<p>Il faut dire que \u00abAl Ikhwan\u00bb m\u00eale trag\u00e9die et com\u00e9die \u00e0 la fois. Elle raconte l\u2019histoire de 3 amis originaires d\u2019un bidonville situ\u00e9 \u00e0 Casablanca, chacun d\u2019entre eux a sa propre histoire, mais ils partagent tous les m\u00eames probl\u00e8mes, \u00e0 savoir l\u2019\u00e9chec dans leur vie marqu\u00e9e par la pauvret\u00e9, le ch\u00f4mage et la marginalisation\u2026 \u00abEn cherchant \u00e0 cr\u00e9er le buzz, les 3 jeunes se sont fait manipuler et se retrouvent poursuivis par un mandat de perquisition \u00e0 leur encontre sur l\u2019ensemble du territoire national\u2026\u00bb, lit-on dans le synopsis.<\/p>\n<p>Interrog\u00e9 sur les conditions du tournage, Talis confie \u00e0 ce sujet que \u00able tournage s\u2019est d\u00e9roul\u00e9 dans une ambiance professionnelle. Il a permis par ailleurs d\u2019avoir des moments de partage d\u2019id\u00e9es et d\u2019exp\u00e9riences entre les diff\u00e9rents artistes qui composent le film et repr\u00e9sentant diff\u00e9rentes g\u00e9n\u00e9rations. Gr\u00e2ce aux efforts de tous, toutes les conditions ont \u00e9t\u00e9 r\u00e9unies afin que ce film puisse voir le jour\u00bb. Il a de m\u00eame not\u00e9 que la r\u00e9daction des dialogues et du sc\u00e9nario s\u2019est \u00e9tal\u00e9e sur 8 ans et gr\u00e2ce \u00e0 l\u2019implication du producteur Driss Chahtane, l\u2019occasion s\u2019est pr\u00e9sent\u00e9e pour concr\u00e9tiser ce r\u00eave, gr\u00e2ce aux moyens mis \u00e0 disposition. \u00c0 son tour, le producteur Driss Chahtane a d\u00e9clar\u00e9 que \u00abSW Media\u00bb est venue enrichir et r\u00e9volutionner la sc\u00e8ne cin\u00e9matographique. Son ambition est de \u00abd\u00e9velopper l\u2019industrie cin\u00e9matographique dans notre pays\u00bb.<\/p>\n<\/div>\n<p>Auteur: ALM<br \/>\n<a href=\"https:\/\/aujourdhui.ma\/culture\/al-ikhwan-arrive-dans-les-salles-des-le-11-mai\">Cliquez ici pour lire l&rsquo;article depuis sa source.<\/a><\/p>\n","protected":false},"excerpt":{"rendered":"<p>C\u2019est un film qui m\u00eale \u00e0 la fois trag\u00e9die et com\u00e9die C\u2019est une com\u00e9die parmi les plus attendues au cin\u00e9ma. \u00abAl Ikhwan\u00bb sera projet\u00e9e dans les salles nationales \u00e0 partir du mercredi 11 mai 2022. Produite par la soci\u00e9t\u00e9 de production et de distribution \u00abSW Media\u00bb, cette nouvelle production est r\u00e9alis\u00e9e par l\u2019humoriste Mohamed Amin [&hellip;]<\/p>\n","protected":false},"author":1759,"featured_media":0,"comment_status":"closed","ping_status":"closed","sticky":false,"template":"","format":"standard","meta":{"fifu_image_url":"https:\/\/aujourdhui.ma\/wp-content\/uploads\/2022\/05\/film-Al-Ikhwan-300x153.png","fifu_image_alt":"\u00abAl Ikhwan\u00bb arrive dans les salles  d\u00e8s le 11 mai","footnotes":""},"categories":[73,54],"tags":[],"class_list":["post-147065","post","type-post","status-publish","format-standard","hentry","category-actualite","category-maroc"],"_links":{"self":[{"href":"https:\/\/linitiative.ca\/International\/wp-json\/wp\/v2\/posts\/147065","targetHints":{"allow":["GET"]}}],"collection":[{"href":"https:\/\/linitiative.ca\/International\/wp-json\/wp\/v2\/posts"}],"about":[{"href":"https:\/\/linitiative.ca\/International\/wp-json\/wp\/v2\/types\/post"}],"author":[{"embeddable":true,"href":"https:\/\/linitiative.ca\/International\/wp-json\/wp\/v2\/users\/1759"}],"replies":[{"embeddable":true,"href":"https:\/\/linitiative.ca\/International\/wp-json\/wp\/v2\/comments?post=147065"}],"version-history":[{"count":0,"href":"https:\/\/linitiative.ca\/International\/wp-json\/wp\/v2\/posts\/147065\/revisions"}],"wp:attachment":[{"href":"https:\/\/linitiative.ca\/International\/wp-json\/wp\/v2\/media?parent=147065"}],"wp:term":[{"taxonomy":"category","embeddable":true,"href":"https:\/\/linitiative.ca\/International\/wp-json\/wp\/v2\/categories?post=147065"},{"taxonomy":"post_tag","embeddable":true,"href":"https:\/\/linitiative.ca\/International\/wp-json\/wp\/v2\/tags?post=147065"}],"curies":[{"name":"wp","href":"https:\/\/api.w.org\/{rel}","templated":true}]}}