{"id":147077,"date":"2022-05-06T09:43:35","date_gmt":"2022-05-06T13:43:35","guid":{"rendered":"https:\/\/linitiative.ca\/International\/previsions-meteorologiques-pour-le-samedi-07-mai-2022\/"},"modified":"2022-05-06T09:43:35","modified_gmt":"2022-05-06T13:43:35","slug":"previsions-meteorologiques-pour-le-samedi-07-mai-2022","status":"publish","type":"post","link":"https:\/\/linitiative.ca\/International\/previsions-meteorologiques-pour-le-samedi-07-mai-2022\/","title":{"rendered":"Pr\u00e9visions m\u00e9t\u00e9orologiques pour le samedi 07 mai 2022"},"content":{"rendered":"<div>\n<div style=\"margin-bottom:20px;\"><img loading=\"lazy\" decoding=\"async\" width=\"750\" height=\"430\" src=\"https:\/\/linitiative.ca\/International\/wp-content\/uploads\/sites\/23\/2022\/05\/soleil-2-1.jpg\" class=\"attachment-post-thumbnail size-post-thumbnail wp-post-image\" alt=\"\" srcset=\"https:\/\/linitiative.ca\/International\/wp-content\/uploads\/sites\/23\/2022\/05\/soleil-2-1.jpg 750w, https:\/\/www.mapmarrakech.ma\/map\/uploads\/2022\/05\/soleil-2-1-300x172.jpg 300w\" sizes=\"auto, (max-width: 750px) 100vw, 750px\"><\/div>\n<p>\u2013 Temps assez chaud sur les provinces du Sud, l\u2019extr\u00eame sud-est, l\u2019int\u00e9rieur du Souss et les plaines \u00e0 l\u2019ouest de l\u2019Atlas.<\/p>\n<p>\u2013 Formations brumeuses ou bruines locales sur les plaines nord et centre et les c\u00f4tes sud.<\/p>\n<p>\u2013 Temps stable et ciel clair \u00e0 peu nuageux sur tout le Royaume.<\/p>\n<p>\u2013 Vent faible \u00e0 mod\u00e9r\u00e9 de secteur sud sur le Sud-Est et de secteur Nord sur le pays.<\/p>\n<p>\u2013 Temp\u00e9ratures minimales de l\u2019ordre de 07\/13\u00b0C sur l\u2019Atlas, le Rif et les hauts plateaux orientaux, 18\/24\u00b0C sur le Sud et l\u2019est des provinces sahariennes et l\u2019extr\u00eame sud-est et de 13\/18\u00b0C sur le reste du pays.<\/p>\n<p>\u2013 Temp\u00e9ratures maximales en hausse.<\/p>\n<p>\u2013 Mer belle \u00e0 peu agit\u00e9e en M\u00e9diterran\u00e9e et sur le D\u00e9troit, peu agit\u00e9e entre Cap spartel et Jorf et peu agit\u00e9e \u00e0 agit\u00e9e ailleurs.<\/p>\n<p>The post <a rel=\"nofollow\" href=\"https:\/\/www.mapmarrakech.ma\/fr\/previsions-meteorologiques-pour-le-samedi-07-mai-2022\/\">Pr\u00e9visions m\u00e9t\u00e9orologiques pour le samedi 07 mai 2022<\/a> appeared first on <a rel=\"nofollow\" href=\"https:\/\/www.mapmarrakech.ma\/fr\">MapMarrakech<\/a>.<\/p>\n<\/div>\n<p>Auteur: Meriem IGASS<br \/>\n<a href=\"https:\/\/www.mapmarrakech.ma\/fr\/previsions-meteorologiques-pour-le-samedi-07-mai-2022\/\">Cliquez ici pour lire l&rsquo;article depuis sa source.<\/a><\/p>\n","protected":false},"excerpt":{"rendered":"<p>\u2013 Temps assez chaud sur les provinces du Sud, l\u2019extr\u00eame sud-est, l\u2019int\u00e9rieur du Souss et les plaines \u00e0 l\u2019ouest de l\u2019Atlas. \u2013 Formations brumeuses ou bruines locales sur les plaines nord et centre et les c\u00f4tes sud. \u2013 Temps stable et ciel clair \u00e0 peu nuageux sur tout le Royaume. \u2013 Vent faible \u00e0 mod\u00e9r\u00e9 [&hellip;]<\/p>\n","protected":false},"author":1788,"featured_media":0,"comment_status":"closed","ping_status":"closed","sticky":false,"template":"","format":"standard","meta":{"fifu_image_url":"https:\/\/www.mapmarrakech.ma\/map\/uploads\/2022\/05\/soleil-2-1.jpg","fifu_image_alt":"Pr\u00e9visions m\u00e9t\u00e9orologiques pour le samedi 07 mai 2022","footnotes":""},"categories":[54,76],"tags":[],"class_list":["post-147077","post","type-post","status-publish","format-standard","hentry","category-maroc","category-regions"],"_links":{"self":[{"href":"https:\/\/linitiative.ca\/International\/wp-json\/wp\/v2\/posts\/147077","targetHints":{"allow":["GET"]}}],"collection":[{"href":"https:\/\/linitiative.ca\/International\/wp-json\/wp\/v2\/posts"}],"about":[{"href":"https:\/\/linitiative.ca\/International\/wp-json\/wp\/v2\/types\/post"}],"author":[{"embeddable":true,"href":"https:\/\/linitiative.ca\/International\/wp-json\/wp\/v2\/users\/1788"}],"replies":[{"embeddable":true,"href":"https:\/\/linitiative.ca\/International\/wp-json\/wp\/v2\/comments?post=147077"}],"version-history":[{"count":0,"href":"https:\/\/linitiative.ca\/International\/wp-json\/wp\/v2\/posts\/147077\/revisions"}],"wp:attachment":[{"href":"https:\/\/linitiative.ca\/International\/wp-json\/wp\/v2\/media?parent=147077"}],"wp:term":[{"taxonomy":"category","embeddable":true,"href":"https:\/\/linitiative.ca\/International\/wp-json\/wp\/v2\/categories?post=147077"},{"taxonomy":"post_tag","embeddable":true,"href":"https:\/\/linitiative.ca\/International\/wp-json\/wp\/v2\/tags?post=147077"}],"curies":[{"name":"wp","href":"https:\/\/api.w.org\/{rel}","templated":true}]}}