{"id":147081,"date":"2022-05-06T10:56:05","date_gmt":"2022-05-06T14:56:05","guid":{"rendered":"https:\/\/linitiative.ca\/International\/pleins-feux-sur-lhistoire-du-minbar-de-la-koutoubia-et-de-sa-restauration\/"},"modified":"2022-05-06T10:56:05","modified_gmt":"2022-05-06T14:56:05","slug":"pleins-feux-sur-lhistoire-du-minbar-de-la-koutoubia-et-de-sa-restauration","status":"publish","type":"post","link":"https:\/\/linitiative.ca\/International\/pleins-feux-sur-lhistoire-du-minbar-de-la-koutoubia-et-de-sa-restauration\/","title":{"rendered":"Pleins feux sur l\u2019histoire du Minbar de la Koutoubia et de sa restauration"},"content":{"rendered":"<div>\n<div style=\"margin-bottom:20px;\"><img loading=\"lazy\" decoding=\"async\" width=\"750\" height=\"430\" src=\"https:\/\/linitiative.ca\/International\/wp-content\/uploads\/sites\/23\/2022\/05\/minbar-koutoubia-copier.jpg\" class=\"attachment-post-thumbnail size-post-thumbnail wp-post-image\" alt=\"\" srcset=\"https:\/\/linitiative.ca\/International\/wp-content\/uploads\/sites\/23\/2022\/05\/minbar-koutoubia-copier.jpg 750w, https:\/\/www.mapmarrakech.ma\/map\/uploads\/2022\/05\/minbar-koutoubia-copier-300x172.jpg 300w\" sizes=\"auto, (max-width: 750px) 100vw, 750px\"><\/div>\n<p>Initi\u00e9 sous le th\u00e8me \u00ab\u00a0Le Minbar de la mosqu\u00e9e Koutoubia : M\u00e9moire et souvenir\u00a0\u00bb par la Conservation du Palais Badii et l\u2019Association ATEED, cet \u00e9v\u00e9nement culturel et artistique s\u2019inscrit dans le cadre du \u00ab\u00a0Mois du Patrimoine\u00a0\u00bb (18 avril- 18 mai).<\/p>\n<p>Il intervient 20 ans apr\u00e8s la restauration du Minbar de la Koutoubia en 1998 par les sp\u00e9cialistes de la conservation du prestigieux Metropolitan Museum of Arts de New York et leurs homologues et artisans marocains, et apr\u00e8s la c\u00e9r\u00e9monie d\u2019inauguration de l\u2019exposition permanente sur le Minbar de la Koutoubia, pr\u00e9sid\u00e9e en avril 1998 par Sa Majest\u00e9 le Roi Mohammed VI, alors que le Souverain \u00e9tait encore Prince H\u00e9ritier.<\/p>\n<p>Intervenant \u00e0 l\u2019ouverture de cette rencontre, Mme Faten Safieddine, historienne de l\u2019art, a relev\u00e9 que cette chaire d\u00e9di\u00e9e \u00e0 la pri\u00e8re est consid\u00e9r\u00e9e comme le plus vieux Minbar en bois en bon \u00e9tat de conservation du monde musulman, relevant que l\u2019id\u00e9e de la restauration de ce chef-d\u2019\u0153uvre unique est n\u00e9e dans les ann\u00e9es 90 du si\u00e8cle dernier, lors la rencontre aux Etats Unis de l\u2019artiste feu Mohamed Melehi, qui occupait alors la fonction de directeur des arts au minist\u00e8re de la culture, et la philanthrope am\u00e9ricaine Patty Cadby Birch.<\/p>\n<p>Dans ce contexte, elle a tenu \u00e0 rendre hommage \u00e0 cette philanthrope am\u00e9ricaine, passionn\u00e9e de l\u2019art islamique, qui aimait le Maroc et qui a fait don de 1 million de dollars pour restaurer le minbar de la Koutoubia, de m\u00eame qu\u2019elle a l\u00e9gu\u00e9 quelque 1.500 objets, qui constituent aujourd\u2019hui un legs ind\u00e9niable appartenant au mus\u00e9e des Confluences- \u00ab\u00a0Dar El Bacha\u00a0\u00bb \u00e0 Marrakech.<\/p>\n<p>Cet \u00e9v\u00e9nement culturel a \u00e9t\u00e9 marqu\u00e9, notamment par la projection du film de la c\u00e9r\u00e9monie inaugurale du Minbar au Palais Badii en 1998, en plus des interventions sur la signification historique et artistique du Minbar de la Koutoubia.<\/p>\n<p>Le public avait rendez-vous aussi avec plusieurs t\u00e9moignages d\u2019artisans marocains auxquels le Metropolitan Museum of Arts de New York avait fait appel dans le cadre de l\u2019op\u00e9ration de restauration du Minbar.<\/p>\n<p>Ces ma\u00e2lems ont exprim\u00e9 leur fiert\u00e9 d\u2019avoir particip\u00e9 \u00e0 la restauration de ce chef-d\u2019oeuvre de l\u2019art islamique, relevant que les artisans marocains sont r\u00e9put\u00e9s aux niveaux arabe et international par leur savoir-faire dans le domaine des m\u00e9tiers de la construction, de sculpture en bois, du zellige, du pl\u00e2tre ainsi que dans d\u2019autres m\u00e9tiers artisanaux.<\/p>\n<p>Cette manifestation culturelle comportait \u00e9galement la projection d\u2019un film-documentaire consacr\u00e9 \u00e0 la restauration du Minbar, produit par Patty Cadby Birch et r\u00e9alis\u00e9 par Mme Faten Safieddine.<\/p>\n<p>Ce film-documentaire avait \u00e9t\u00e9 projet\u00e9 notamment lors de la c\u00e9r\u00e9monie d\u2019inauguration du minbar en avril 1998 mais aussi au si\u00e8ge des Nations Unies \u00e0 New York, au si\u00e8ge de l\u2019Institut du Monde arabe (IMA) \u00e0 Paris ainsi que dans le cadre du Festival International du Film sur les M\u00e9tiers d\u2019Art (FIFMA).<\/p>\n<p>Ce documentaire sera projet\u00e9 en continu dans le Palais Badii \u00e0 Marrakech pour permettre au grand public et aux sp\u00e9cialistes de red\u00e9couvrir l\u2019histoire de ce chef-d\u2019\u0153uvre de l\u2019art arabo-andalou et celle de sa restauration.<\/p>\n<p>Lors de cette journ\u00e9e, le public avait aussi rendez-vous avec le vernissage de l\u2019exposition artistique \u00ab\u00a0De la conservation \u00e0 l\u2019exposition\u00a0\u00bb pr\u00e9sentant un ensemble de photographies qui relatent le processus de restauration du minbar de la mosqu\u00e9e de la Koutoubia vers la fin du si\u00e8cle dernier.<\/p>\n<p>Dans une d\u00e9claration \u00e0 M24, la chaine t\u00e9l\u00e9vis\u00e9e de l\u2019information en continu de la MAP, la Conservatrice du Palais Badii, Mme Hasna Haddaoui, a soulign\u00e9 que ce minbar, qui est l\u2019un des plus beaux fleurons de l\u2019art islamique qui soit parvenu jusqu\u2019\u00e0 nos jours, a \u00e9t\u00e9 construit sous le r\u00e8gne d\u2019Ali Ben Youssef Ben Tachfine qui avait command\u00e9 ce Minbar \u00e0 des artisans et artistes de Cordoue.<\/p>\n<p>La construction de ce minbar, l\u2019une des merveilles de son \u00e9poque et l\u2019une des \u0153uvres de l\u2019art islamique les plus c\u00e9l\u00e9br\u00e9es par les auteurs arabes et espagnols a dur\u00e9 pr\u00e8s de 8 ans, a-t-elle indiqu\u00e9, expliquant que le minbar a \u00e9t\u00e9 transport\u00e9 pi\u00e8ce par pi\u00e8ce \u00e0 Marrakech pour y \u00eatre mont\u00e9.<\/p>\n<p>Le minbar nous est parvenu dans un excellent \u00e9tat de conservation, malgr\u00e9 la perte de plusieurs de ses \u00e9l\u00e9ments, a-t-elle ajout\u00e9, relevant que cette chaire de pri\u00e8re a cependant pris au fil du temps une inclinaison marqu\u00e9e, qui a \u00e9t\u00e9 corrig\u00e9e pendant l\u2019op\u00e9ration de conservation.<\/p>\n<p>Revenant sur l\u2019op\u00e9ration de restauration du minbar, Mme Haddaoui a soulign\u00e9 que le Metropolitan Museum of Arts de New York a pris soin de cette \u0153uvre remarquable \u00e0 chacune des \u00e9tapes de la restauration, en accordant la m\u00eame importance \u00e0 la nature des mat\u00e9riaux utilis\u00e9s pour sa r\u00e9alisation, \u00e0 sa signification religieuse et historique ainsi qu\u2019\u00e0 son aspect esth\u00e9tique g\u00e9n\u00e9ral en consid\u00e9ration<\/p>\n<p>Au programme de cette journ\u00e9e figuraient aussi un spectacle de danse contemporaine sous la direction de Taoufiq Izediou, et une soir\u00e9e anim\u00e9e par l\u2019association de cheikh Jilali Mtired sous le th\u00e8me \u00ab\u00a0Le Melhoun, un patrimoine musical \u00e0 perp\u00e9tuer\u00a0\u00bb.<\/p>\n<p>The post <a rel=\"nofollow\" href=\"https:\/\/www.mapmarrakech.ma\/fr\/pleins-feux-sur-lhistoire-du-minbar-de-la-koutoubia-et-de-sa-restauration\/\">Pleins feux sur l\u2019histoire du Minbar de la Koutoubia et de sa restauration<\/a> appeared first on <a rel=\"nofollow\" href=\"https:\/\/www.mapmarrakech.ma\/fr\">MapMarrakech<\/a>.<\/p>\n<\/div>\n<p>Auteur: Meriem IGASS<br \/>\n<a href=\"https:\/\/www.mapmarrakech.ma\/fr\/pleins-feux-sur-lhistoire-du-minbar-de-la-koutoubia-et-de-sa-restauration\/\">Cliquez ici pour lire l&rsquo;article depuis sa source.<\/a><\/p>\n","protected":false},"excerpt":{"rendered":"<p>Initi\u00e9 sous le th\u00e8me \u00ab\u00a0Le Minbar de la mosqu\u00e9e Koutoubia : M\u00e9moire et souvenir\u00a0\u00bb par la Conservation du Palais Badii et l\u2019Association ATEED, cet \u00e9v\u00e9nement culturel et artistique s\u2019inscrit dans le cadre du \u00ab\u00a0Mois du Patrimoine\u00a0\u00bb (18 avril- 18 mai). Il intervient 20 ans apr\u00e8s la restauration du Minbar de la Koutoubia en 1998 par [&hellip;]<\/p>\n","protected":false},"author":1788,"featured_media":0,"comment_status":"closed","ping_status":"closed","sticky":false,"template":"","format":"standard","meta":{"fifu_image_url":"https:\/\/www.mapmarrakech.ma\/map\/uploads\/2022\/05\/minbar-koutoubia-copier.jpg","fifu_image_alt":"Pleins feux sur l\u2019histoire du Minbar de la Koutoubia et de sa restauration","footnotes":""},"categories":[54,76],"tags":[],"class_list":["post-147081","post","type-post","status-publish","format-standard","hentry","category-maroc","category-regions"],"_links":{"self":[{"href":"https:\/\/linitiative.ca\/International\/wp-json\/wp\/v2\/posts\/147081","targetHints":{"allow":["GET"]}}],"collection":[{"href":"https:\/\/linitiative.ca\/International\/wp-json\/wp\/v2\/posts"}],"about":[{"href":"https:\/\/linitiative.ca\/International\/wp-json\/wp\/v2\/types\/post"}],"author":[{"embeddable":true,"href":"https:\/\/linitiative.ca\/International\/wp-json\/wp\/v2\/users\/1788"}],"replies":[{"embeddable":true,"href":"https:\/\/linitiative.ca\/International\/wp-json\/wp\/v2\/comments?post=147081"}],"version-history":[{"count":0,"href":"https:\/\/linitiative.ca\/International\/wp-json\/wp\/v2\/posts\/147081\/revisions"}],"wp:attachment":[{"href":"https:\/\/linitiative.ca\/International\/wp-json\/wp\/v2\/media?parent=147081"}],"wp:term":[{"taxonomy":"category","embeddable":true,"href":"https:\/\/linitiative.ca\/International\/wp-json\/wp\/v2\/categories?post=147081"},{"taxonomy":"post_tag","embeddable":true,"href":"https:\/\/linitiative.ca\/International\/wp-json\/wp\/v2\/tags?post=147081"}],"curies":[{"name":"wp","href":"https:\/\/api.w.org\/{rel}","templated":true}]}}