{"id":147083,"date":"2022-05-06T12:47:31","date_gmt":"2022-05-06T16:47:31","guid":{"rendered":"https:\/\/linitiative.ca\/International\/debats-sur-la-recherche-scientifique-au-service-du-developpement-durable\/"},"modified":"2022-05-06T12:47:31","modified_gmt":"2022-05-06T16:47:31","slug":"debats-sur-la-recherche-scientifique-au-service-du-developpement-durable","status":"publish","type":"post","link":"https:\/\/linitiative.ca\/International\/debats-sur-la-recherche-scientifique-au-service-du-developpement-durable\/","title":{"rendered":"D\u00e9bats sur la recherche scientifique au service du d\u00e9veloppement durable"},"content":{"rendered":"<div>\n<div style=\"margin-bottom:20px;\"><img loading=\"lazy\" decoding=\"async\" width=\"750\" height=\"430\" src=\"https:\/\/linitiative.ca\/International\/wp-content\/uploads\/sites\/23\/2022\/05\/recherche-copier.jpg\" class=\"attachment-post-thumbnail size-post-thumbnail wp-post-image\" alt=\"\" srcset=\"https:\/\/linitiative.ca\/International\/wp-content\/uploads\/sites\/23\/2022\/05\/recherche-copier.jpg 750w, https:\/\/www.mapmarrakech.ma\/map\/uploads\/2022\/05\/recherche-copier-300x172.jpg 300w\" sizes=\"auto, (max-width: 750px) 100vw, 750px\"><\/div>\n<p>Inscrite dans le cadre de la c\u00e9l\u00e9bration du \u00ab\u00a0Mois du Patrimoine\u00a0\u00bb cette rencontre scientifique et acad\u00e9mique a \u00e9t\u00e9 organis\u00e9e en partenariat avec la Direction R\u00e9gionale de la Culture Marrakech-Safi et l\u2019Observatoire ANT\u00c9E, dans l\u2019objectif de mettre en exergue l\u2019importance de la recherche scientifique afin d\u2019\u00eatre en mesure d\u2019accompagner la dynamique du d\u00e9veloppement social enclench\u00e9e dans la r\u00e9gion.<\/p>\n<p>Dans une d\u00e9claration \u00e0 M24, la cha\u00eene t\u00e9l\u00e9vis\u00e9e de l\u2019information en continu de la MAP, le pr\u00e9sident de l\u2019Association Acad\u00e9mie Toubkal pour les recherches et les \u00e9tudes sociales, et de l\u2019Observatoire ANT\u00c9E, M. Rachid Chehmi, a soulign\u00e9 l\u2019importance de la formation relative \u00e0 la cr\u00e9ation de projets portant sur la collecte et la conservation des anciens manuscrits, notamment dans la zone du Grand Atlas-ouest, faisant savoir que la finalit\u00e9 ultime \u00e9tant de consolider la m\u00e9moire et l\u2019histoire locales.<\/p>\n<p>Et d\u2019ajouter que ces manuscrits repr\u00e9sentent un v\u00e9ritable tr\u00e9sor en termes d\u2019informations concernant plusieurs domaines, notamment l\u2019agriculture, la gestion de l\u2019eau, et les conditions li\u00e9es \u00e0 l\u2019h\u00e9ritage pour la femme amazighe.<\/p>\n<p>Dans la m\u00eame lign\u00e9e, il a tenu \u00e0 indiquer que c\u2019est au c\u0153ur m\u00eame de la commune de Mesfioua, qu\u2019il avait commenc\u00e9 la premi\u00e8re collecte des manuscrits aupr\u00e8s de la population de cette localit\u00e9, dans le but de mieux les initier en mati\u00e8re de conservation du patrimoine et ce, par la biais de la cr\u00e9ation de mus\u00e9es priv\u00e9s.<\/p>\n<p>Il a de m\u00eame estim\u00e9 que ce projet n\u00e9cessite la mobilisation de l\u2019ensemble des intervenants publics et priv\u00e9s afin d\u2019\u00eatre en mesure d\u2019associer la population dans les zones rurales de la r\u00e9gion Marrakech-Safi, pour la collecte de ces documents et leur num\u00e9risation, dans l\u2019optique de pouvoir les mettre \u00e0 la disposition des chercheurs, des \u00e9tudiants, et des experts en sciences sociales.<\/p>\n<p>La Conservatrice du Palais Badii, Mme Hasna Hadaoui, a fait savoir, quant \u00e0 elle, que l\u2019organisation de ce colloque est de nature \u00e0 mettre en relief le patrimoine ancestral et s\u00e9culaire et d\u2019examiner les moyens \u00e0 mettre en oeuvre en vue de l\u2019orienter, d\u2019une mani\u00e8re appropri\u00e9e, vers la promotion du d\u00e9veloppement social et durable dans la r\u00e9gion Marrakech-Safi.<\/p>\n<p>Elle a dans ce sens estim\u00e9 indispensable d\u2019adh\u00e9rer \u00e0 ces projets, en vue de moderniser l\u2019approche de la conservation du patrimoine par la voie scientifique, tout en boostant l\u2019adh\u00e9sion \u00e0 ce projet, d\u2019experts et de sp\u00e9cialistes en la mati\u00e8re.<\/p>\n<p>A noter que ce colloque a offert l\u2019opportunit\u00e9 \u00e0 un parterre de conf\u00e9renciers de d\u00e9celer les points forts qui s\u2019inscrivent dans une lign\u00e9e de rapprochement entre le patrimoine et le public, \u00e0 travers des actions sur le terrain et des projets innovants.<\/p>\n<p>Les d\u00e9bats lors de ce conclave, plac\u00e9 sous le signe de l\u2019innovation dans la gestion du patrimoine, ont port\u00e9 sur moult th\u00e9matiques, \u00e0 savoir \u00ab\u00a0le r\u00f4le de la m\u00e9moire locale dans le d\u00e9veloppement\u00a0\u00bb, \u00ab\u00a0le r\u00f4le de la planification patrimoniale dans la dynamique touristique, la province de Tiznit comme mod\u00e8le\u00a0\u00bb, \u00ab\u00a0le patrimoine religieux et le d\u00e9veloppement, les Sept Saints de Marrakech comme mod\u00e8le\u00a0\u00bb et \u00ab\u00a0le positionnement actuel du patrimoine d\u2019Agdal et ses perspectives d\u2019avenir\u00a0\u00bb.<\/p>\n<p>Au terme de ce colloque, il a \u00e9t\u00e9 proc\u00e9d\u00e9 \u00e0 l\u2019adoption d\u2019une batterie de recommandations pour un d\u00e9veloppement durable exclusivement d\u00e9di\u00e9 \u00e0 Marrakech, tenant compte des sp\u00e9cificit\u00e9s culturelles et sociales de la cette cit\u00e9 imp\u00e9riale et de toute la r\u00e9gion.<\/p>\n<p>The post <a rel=\"nofollow\" href=\"https:\/\/www.mapmarrakech.ma\/fr\/debats-sur-la-recherche-scientifique-au-service-du-developpement-durable\/\">D\u00e9bats sur la recherche scientifique au service du d\u00e9veloppement durable<\/a> appeared first on <a rel=\"nofollow\" href=\"https:\/\/www.mapmarrakech.ma\/fr\">MapMarrakech<\/a>.<\/p>\n<\/div>\n<p>Auteur: Meriem IGASS<br \/>\n<a href=\"https:\/\/www.mapmarrakech.ma\/fr\/debats-sur-la-recherche-scientifique-au-service-du-developpement-durable\/\">Cliquez ici pour lire l&rsquo;article depuis sa source.<\/a><\/p>\n","protected":false},"excerpt":{"rendered":"<p>Inscrite dans le cadre de la c\u00e9l\u00e9bration du \u00ab\u00a0Mois du Patrimoine\u00a0\u00bb cette rencontre scientifique et acad\u00e9mique a \u00e9t\u00e9 organis\u00e9e en partenariat avec la Direction R\u00e9gionale de la Culture Marrakech-Safi et l\u2019Observatoire ANT\u00c9E, dans l\u2019objectif de mettre en exergue l\u2019importance de la recherche scientifique afin d\u2019\u00eatre en mesure d\u2019accompagner la dynamique du d\u00e9veloppement social enclench\u00e9e dans [&hellip;]<\/p>\n","protected":false},"author":1788,"featured_media":0,"comment_status":"closed","ping_status":"closed","sticky":false,"template":"","format":"standard","meta":{"fifu_image_url":"https:\/\/www.mapmarrakech.ma\/map\/uploads\/2022\/05\/recherche-copier.jpg","fifu_image_alt":"D\u00e9bats sur la recherche scientifique au service du d\u00e9veloppement durable","footnotes":""},"categories":[54,76],"tags":[],"class_list":["post-147083","post","type-post","status-publish","format-standard","hentry","category-maroc","category-regions"],"_links":{"self":[{"href":"https:\/\/linitiative.ca\/International\/wp-json\/wp\/v2\/posts\/147083","targetHints":{"allow":["GET"]}}],"collection":[{"href":"https:\/\/linitiative.ca\/International\/wp-json\/wp\/v2\/posts"}],"about":[{"href":"https:\/\/linitiative.ca\/International\/wp-json\/wp\/v2\/types\/post"}],"author":[{"embeddable":true,"href":"https:\/\/linitiative.ca\/International\/wp-json\/wp\/v2\/users\/1788"}],"replies":[{"embeddable":true,"href":"https:\/\/linitiative.ca\/International\/wp-json\/wp\/v2\/comments?post=147083"}],"version-history":[{"count":0,"href":"https:\/\/linitiative.ca\/International\/wp-json\/wp\/v2\/posts\/147083\/revisions"}],"wp:attachment":[{"href":"https:\/\/linitiative.ca\/International\/wp-json\/wp\/v2\/media?parent=147083"}],"wp:term":[{"taxonomy":"category","embeddable":true,"href":"https:\/\/linitiative.ca\/International\/wp-json\/wp\/v2\/categories?post=147083"},{"taxonomy":"post_tag","embeddable":true,"href":"https:\/\/linitiative.ca\/International\/wp-json\/wp\/v2\/tags?post=147083"}],"curies":[{"name":"wp","href":"https:\/\/api.w.org\/{rel}","templated":true}]}}