{"id":147085,"date":"2022-05-06T13:09:12","date_gmt":"2022-05-06T17:09:12","guid":{"rendered":"https:\/\/linitiative.ca\/International\/32e-marathon-international-de-marrakech-pres-de-1-500-athletes-etrangers\/"},"modified":"2022-05-06T13:09:12","modified_gmt":"2022-05-06T17:09:12","slug":"32e-marathon-international-de-marrakech-pres-de-1-500-athletes-etrangers","status":"publish","type":"post","link":"https:\/\/linitiative.ca\/International\/32e-marathon-international-de-marrakech-pres-de-1-500-athletes-etrangers\/","title":{"rendered":"32\u00e8 marathon international de Marrakech: Pr\u00e8s de 1.500 athl\u00e8tes \u00e9trangers"},"content":{"rendered":"<div>\n<div style=\"margin-bottom:20px;\"><img loading=\"lazy\" decoding=\"async\" width=\"750\" height=\"430\" src=\"https:\/\/linitiative.ca\/International\/wp-content\/uploads\/sites\/23\/2022\/05\/knidiri-copier.jpg\" class=\"attachment-post-thumbnail size-post-thumbnail wp-post-image\" alt=\"\" srcset=\"https:\/\/linitiative.ca\/International\/wp-content\/uploads\/sites\/23\/2022\/05\/knidiri-copier.jpg 750w, https:\/\/www.mapmarrakech.ma\/map\/uploads\/2022\/05\/knidiri-copier-300x172.jpg 300w\" sizes=\"auto, (max-width: 750px) 100vw, 750px\"><\/div>\n<div>\n<p>S\u2019exprimant lors d\u2019un point de presse d\u00e9di\u00e9 \u00e0 la pr\u00e9sentation de cette \u00e9dition, le pr\u00e9sident de l\u2019Association du Marathon International de Marrakech, Mohamed Knidri, a pr\u00e9cis\u00e9 que cette manifestation, plac\u00e9e sous le Haut Patronage de Sa Majest\u00e9 le Roi Mohammed VI, sera marqu\u00e9e par une participation massive des athl\u00e8tes marocains, surtout qu\u2019il s\u2019agit du premier \u00e9v\u00e9nement sportif organis\u00e9 apr\u00e8s l\u2019all\u00e9gement des mesures d\u00e9cr\u00e9t\u00e9es pour faire face \u00e0 la pand\u00e9mie.<\/p>\n<p>Initi\u00e9e en collaboration notamment avec le minist\u00e8re de l\u2019Education nationale, du Pr\u00e9scolaire et des Sports, la wilaya de la r\u00e9gion Marrakech-Safi, la commune urbaine du M\u00e9chouar-El Kasbah et le conseil pr\u00e9fectoral de Marrakech, ce 32\u00e8 marathon sera l\u2019occasion pour l\u2019ensemble des coureurs marocains pour r\u00e9aliser un chrono \u00e0 m\u00eame de les qualifier au prochain championnat du monde, a expliqu\u00e9 M. Knidri, \u00e9galement pr\u00e9sident de l\u2019Association du Grand Atlas (AGA).<\/p>\n<p>Il n\u2019a pas manqu\u00e9 de souligner l\u2019impact socio-\u00e9conomique et la contribution remarquable de cet \u00e9v\u00e9nement au rayonnement et \u00e0 la promotion \u00e0 l\u2019international de la destination touristique de Marrakech, mettant en avant le programme riche et diversifi\u00e9 de cette \u00e9dition qui attirera environ 12.000 athl\u00e8tes.<\/p>\n<p>M. Knidri a, dans la foul\u00e9e, relev\u00e9 qu\u2019au menu figurent une course cycliste (14 mai) pour sensibiliser \u00e0 l\u2019importance de la protection de l\u2019environnement et une autre course r\u00e9serv\u00e9e aux enfants sur une distance de 3,5 km.<\/p>\n<p>Sont attendus au d\u00e9part de cette 32\u00e8 \u00e9dition, des athl\u00e8tes internationaux \u00e0 l\u2019instar de l\u2019Ethiopien Endeshaw Negesse (2H 4mn 52s), les Kenyans Stephan Chamlany (2H 6mn 22s) et Julius Kiprono Tarus (2H 07mn 35s), alors que dans la cat\u00e9gorie des femmes, ce marathon 2022 verra la participation de l\u2019Ethiopienne Mulu Seboka (2H 21mn 56s) et de la Kenyane Margaret Agai (2H 23mn 28s).<\/p>\n<p>Le coup d\u2019envoi du marathon (42,195 km) est pr\u00e9vu \u00e0 06H00 du matin, tandis que celui du semi-marathon est fix\u00e9 \u00e0 07H00.<\/p>\n<\/div>\n<p>The post <a rel=\"nofollow\" href=\"https:\/\/www.mapmarrakech.ma\/fr\/32e-marathon-international-de-marrakech-pres-de-1-500-athletes-etrangers\/\">32\u00e8 marathon international de Marrakech: Pr\u00e8s de 1.500 athl\u00e8tes \u00e9trangers<\/a> appeared first on <a rel=\"nofollow\" href=\"https:\/\/www.mapmarrakech.ma\/fr\">MapMarrakech<\/a>.<\/p>\n<\/div>\n<p>Auteur: Meriem IGASS<br \/>\n<a href=\"https:\/\/www.mapmarrakech.ma\/fr\/32e-marathon-international-de-marrakech-pres-de-1-500-athletes-etrangers\/\">Cliquez ici pour lire l&rsquo;article depuis sa source.<\/a><\/p>\n","protected":false},"excerpt":{"rendered":"<p>S\u2019exprimant lors d\u2019un point de presse d\u00e9di\u00e9 \u00e0 la pr\u00e9sentation de cette \u00e9dition, le pr\u00e9sident de l\u2019Association du Marathon International de Marrakech, Mohamed Knidri, a pr\u00e9cis\u00e9 que cette manifestation, plac\u00e9e sous le Haut Patronage de Sa Majest\u00e9 le Roi Mohammed VI, sera marqu\u00e9e par une participation massive des athl\u00e8tes marocains, surtout qu\u2019il s\u2019agit du premier [&hellip;]<\/p>\n","protected":false},"author":1788,"featured_media":0,"comment_status":"closed","ping_status":"closed","sticky":false,"template":"","format":"standard","meta":{"fifu_image_url":"https:\/\/www.mapmarrakech.ma\/map\/uploads\/2022\/05\/knidiri-copier.jpg","fifu_image_alt":"32\u00e8 marathon international de Marrakech: Pr\u00e8s de 1.500 athl\u00e8tes \u00e9trangers","footnotes":""},"categories":[54,76],"tags":[],"class_list":["post-147085","post","type-post","status-publish","format-standard","hentry","category-maroc","category-regions"],"_links":{"self":[{"href":"https:\/\/linitiative.ca\/International\/wp-json\/wp\/v2\/posts\/147085","targetHints":{"allow":["GET"]}}],"collection":[{"href":"https:\/\/linitiative.ca\/International\/wp-json\/wp\/v2\/posts"}],"about":[{"href":"https:\/\/linitiative.ca\/International\/wp-json\/wp\/v2\/types\/post"}],"author":[{"embeddable":true,"href":"https:\/\/linitiative.ca\/International\/wp-json\/wp\/v2\/users\/1788"}],"replies":[{"embeddable":true,"href":"https:\/\/linitiative.ca\/International\/wp-json\/wp\/v2\/comments?post=147085"}],"version-history":[{"count":0,"href":"https:\/\/linitiative.ca\/International\/wp-json\/wp\/v2\/posts\/147085\/revisions"}],"wp:attachment":[{"href":"https:\/\/linitiative.ca\/International\/wp-json\/wp\/v2\/media?parent=147085"}],"wp:term":[{"taxonomy":"category","embeddable":true,"href":"https:\/\/linitiative.ca\/International\/wp-json\/wp\/v2\/categories?post=147085"},{"taxonomy":"post_tag","embeddable":true,"href":"https:\/\/linitiative.ca\/International\/wp-json\/wp\/v2\/tags?post=147085"}],"curies":[{"name":"wp","href":"https:\/\/api.w.org\/{rel}","templated":true}]}}