{"id":147087,"date":"2022-05-05T19:01:19","date_gmt":"2022-05-05T23:01:19","guid":{"rendered":"https:\/\/linitiative.ca\/International\/oujda-4e-atelier-national-des-dechets-et-de-la-biomasse-les-13-et-14-mai\/"},"modified":"2022-05-05T19:01:19","modified_gmt":"2022-05-05T23:01:19","slug":"oujda-4e-atelier-national-des-dechets-et-de-la-biomasse-les-13-et-14-mai","status":"publish","type":"post","link":"https:\/\/linitiative.ca\/International\/oujda-4e-atelier-national-des-dechets-et-de-la-biomasse-les-13-et-14-mai\/","title":{"rendered":"Oujda : 4\u00e8 Atelier national des d\u00e9chets et de la biomasse, les 13 et 14 mai"},"content":{"rendered":"<div>\n<div style=\"margin-bottom:20px;\"><img loading=\"lazy\" decoding=\"async\" width=\"750\" height=\"430\" src=\"https:\/\/linitiative.ca\/International\/wp-content\/uploads\/sites\/23\/2022\/05\/valorisation-dC3A9chets-mC3A9nagers-750C397430-MAP.jpg\" class=\"attachment-post-thumbnail size-post-thumbnail wp-post-image\" alt=\"\" srcset=\"https:\/\/linitiative.ca\/International\/wp-content\/uploads\/sites\/23\/2022\/05\/valorisation-dC3A9chets-mC3A9nagers-750C397430-MAP.jpg 750w, https:\/\/www.mapoujda.ma\/map\/uploads\/2022\/05\/valorisation-d\u00e9chets-m\u00e9nagers-750\u00d7430-MAP-300x172.jpg 300w\" sizes=\"auto, (max-width: 750px) 100vw, 750px\"><\/div>\n<div>\n<p style=\"text-align: justify;\">Le Campus du Savoir d\u2019Oujda accueille, les 13 et 14 mai courant, la 4\u00e8me \u00e9dition de l\u2019Atelier national des d\u00e9chets et de la biomasse, visant \u00e0 promouvoir l\u2019innovation en mati\u00e8re de valorisation des d\u00e9chets et de d\u00e9veloppement de la biomasse au Maroc.<\/p>\n<p style=\"text-align: justify;\">Cet \u00e9v\u00e9nement, organis\u00e9 par l\u2019association Cluster Valbiom Maroc, vise \u00e0 enrichir le d\u00e9bat national sur la transition \u00e9nerg\u00e9tique pour r\u00e9pondre aux questions clefs de d\u00e9carbonation et d\u2019efficacit\u00e9 \u00e9nerg\u00e9tique et encourager les d\u00e9cideurs \u00e0 l\u2019\u00e9laboration du Plan de Transition \u00c9nerg\u00e9tique (PTE), avec ses deux piliers, efficacit\u00e9 \u00e9nerg\u00e9tique et \u00e9nergies renouvelables, indique un document des organisateurs.<\/p>\n<p style=\"text-align: justify;\">Cet atelier se veut une occasion pour les diff\u00e9rents acteurs concern\u00e9s d\u2019\u00e9changer les exp\u00e9riences\u00a0et les recherches et de concr\u00e9tiser des projets collaboratifs innovants dans le domaine de\u00a0la d\u00e9carbonation et de l\u2019efficacit\u00e9 \u00e9nerg\u00e9tique, dans le cadre des axes strat\u00e9giques du Cluster Valbiom Maroc.<\/p>\n<p style=\"text-align: justify;\">L\u2019atelier s\u2019articule autour de deux principaux axes, \u00e0 savoir \u00ab\u00a0Efficacit\u00e9 \u00e9nerg\u00e9tique du b\u00e2timent et \u00e9coconstruction\u00a0\u00bb, anim\u00e9 notamment par l\u2019Agence nationale de l\u2019efficacit\u00e9 \u00e9nerg\u00e9tique (AMEE), et \u201cD\u00e9carbonation, quelle strat\u00e9gie pour le Maroc\u201d, anim\u00e9 en particulier par le Centre de comp\u00e9tences en changements climatiques (4C).<\/p>\n<p style=\"text-align: justify;\">Cet \u00e9v\u00e9nement\u00a0sera marqu\u00e9 par l\u2019organisation de la phase finale de la 2\u00e8me \u00e9dition du \u00abValbiom Innov\u2019Days\u00bb, un concours pour start-ups\u00a0visant \u00e0 soutenir les projets innovants \u00e0 fort potentiel de d\u00e9veloppement et d\u2019impact environnemental et socio-\u00e9conomique.<\/p>\n<p style=\"text-align: justify;\">Par ailleurs, le programme de cette manifestation pr\u00e9voit l\u2019inauguration de la Plateforme d\u2019innovation mutualis\u00e9e (PIM), r\u00e9alis\u00e9e en partenariat avec le minist\u00e8re de l\u2019Industrie et du commerce, la GIZ et l\u2019Institut de formation aux m\u00e9tiers des \u00e9nergies renouvelables et de l\u2019efficacit\u00e9 \u00e9nerg\u00e9tique (IFMEREE) d\u2019Oujda.<\/p>\n<p style=\"text-align: justify;\">Le Cluster Valbiom Maroc compte pour membres des entreprises, des instituts de recherche et des institutions, avec pour but de servir les objectifs strat\u00e9giques du Maroc en mati\u00e8re de promotion de l\u2019\u00e9conomie verte et du d\u00e9veloppement durable.<\/p>\n<\/div>\n<p>L\u2019article <a rel=\"nofollow\" href=\"https:\/\/www.mapoujda.ma\/fr\/oujda-4e-atelier-national-des-dechets-et-de-la-biomasse-les-13-et-14-mai\/\">Oujda : 4\u00e8 Atelier national des d\u00e9chets et de la biomasse, les 13 et 14 mai<\/a> est apparu en premier sur <a rel=\"nofollow\" href=\"https:\/\/www.mapoujda.ma\/fr\">MapOujda<\/a>.<\/p>\n<\/div>\n<p>Auteur: Soufiane ELAHMAR<br \/>\n<a href=\"https:\/\/www.mapoujda.ma\/fr\/oujda-4e-atelier-national-des-dechets-et-de-la-biomasse-les-13-et-14-mai\/\">Cliquez ici pour lire l&rsquo;article depuis sa source.<\/a><\/p>\n","protected":false},"excerpt":{"rendered":"<p>Le Campus du Savoir d\u2019Oujda accueille, les 13 et 14 mai courant, la 4\u00e8me \u00e9dition de l\u2019Atelier national des d\u00e9chets et de la biomasse, visant \u00e0 promouvoir l\u2019innovation en mati\u00e8re de valorisation des d\u00e9chets et de d\u00e9veloppement de la biomasse au Maroc. Cet \u00e9v\u00e9nement, organis\u00e9 par l\u2019association Cluster Valbiom Maroc, vise \u00e0 enrichir le d\u00e9bat [&hellip;]<\/p>\n","protected":false},"author":1788,"featured_media":0,"comment_status":"closed","ping_status":"closed","sticky":false,"template":"","format":"standard","meta":{"fifu_image_url":"https:\/\/www.mapoujda.ma\/map\/uploads\/2022\/05\/valorisation-d\u00e9chets-m\u00e9nagers-750\u00d7430-MAP.jpg","fifu_image_alt":"Oujda : 4\u00e8 Atelier national des d\u00e9chets et de la biomasse, les 13 et 14 mai","footnotes":""},"categories":[54,76],"tags":[],"class_list":["post-147087","post","type-post","status-publish","format-standard","hentry","category-maroc","category-regions"],"_links":{"self":[{"href":"https:\/\/linitiative.ca\/International\/wp-json\/wp\/v2\/posts\/147087","targetHints":{"allow":["GET"]}}],"collection":[{"href":"https:\/\/linitiative.ca\/International\/wp-json\/wp\/v2\/posts"}],"about":[{"href":"https:\/\/linitiative.ca\/International\/wp-json\/wp\/v2\/types\/post"}],"author":[{"embeddable":true,"href":"https:\/\/linitiative.ca\/International\/wp-json\/wp\/v2\/users\/1788"}],"replies":[{"embeddable":true,"href":"https:\/\/linitiative.ca\/International\/wp-json\/wp\/v2\/comments?post=147087"}],"version-history":[{"count":0,"href":"https:\/\/linitiative.ca\/International\/wp-json\/wp\/v2\/posts\/147087\/revisions"}],"wp:attachment":[{"href":"https:\/\/linitiative.ca\/International\/wp-json\/wp\/v2\/media?parent=147087"}],"wp:term":[{"taxonomy":"category","embeddable":true,"href":"https:\/\/linitiative.ca\/International\/wp-json\/wp\/v2\/categories?post=147087"},{"taxonomy":"post_tag","embeddable":true,"href":"https:\/\/linitiative.ca\/International\/wp-json\/wp\/v2\/tags?post=147087"}],"curies":[{"name":"wp","href":"https:\/\/api.w.org\/{rel}","templated":true}]}}