{"id":147095,"date":"2022-05-06T12:24:35","date_gmt":"2022-05-06T16:24:35","guid":{"rendered":"https:\/\/linitiative.ca\/International\/oujda-9eme-edition-du-festival-des-sciences-de-loriental\/"},"modified":"2022-05-06T12:24:35","modified_gmt":"2022-05-06T16:24:35","slug":"oujda-9eme-edition-du-festival-des-sciences-de-loriental","status":"publish","type":"post","link":"https:\/\/linitiative.ca\/International\/oujda-9eme-edition-du-festival-des-sciences-de-loriental\/","title":{"rendered":"Oujda : 9\u00e8me \u00e9dition du Festival des sciences de l\u2019Oriental"},"content":{"rendered":"<div>\n<div style=\"margin-bottom:20px;\"><img loading=\"lazy\" decoding=\"async\" width=\"750\" height=\"430\" src=\"https:\/\/linitiative.ca\/International\/wp-content\/uploads\/sites\/23\/2022\/05\/Festival-des-sciences-oriental-750C397430-MAP-1.jpg\" class=\"attachment-post-thumbnail size-post-thumbnail wp-post-image\" alt=\"\" srcset=\"https:\/\/linitiative.ca\/International\/wp-content\/uploads\/sites\/23\/2022\/05\/Festival-des-sciences-oriental-750C397430-MAP-1.jpg 750w, https:\/\/www.mapoujda.ma\/map\/uploads\/2022\/05\/Festival-des-sciences-oriental-750\u00d7430-MAP-1-300x172.jpg 300w\" sizes=\"auto, (max-width: 750px) 100vw, 750px\"><\/div>\n<div>\n<p style=\"text-align: justify;\">La 9\u00e8me \u00e9dition du Festival des sciences de l\u2019Oriental s\u2019est ouverte vendredi au Parc \u00e9cologique d\u2019Oujda, dans le but de promouvoir les sciences et \u00e9veiller la curiosit\u00e9 scientifique, notamment aupr\u00e8s des \u00e9l\u00e8ves et \u00e9tudiants.<\/p>\n<p style=\"text-align: justify;\">Cet \u00e9v\u00e9nement, organis\u00e9 jusqu\u2019au 8 mai courant, sous le Haut patronage de SM le Roi Mohammed VI, par la Maison des sciences de l\u2019Oriental et la Fondation Omar Ibn Abdelaziz, est plac\u00e9 cette ann\u00e9e sous le th\u00e8me \u00abApr\u00e8s la pand\u00e9mie, retour \u00e0 la vie, \u00e0 la source de la vie : l\u2019eau\u00bb.<\/p>\n<p style=\"text-align: justify;\">La c\u00e9r\u00e9monie officielle d\u2019ouverture du festival, initi\u00e9 en partenariat avec l\u2019Agence de l\u2019Oriental et en collaboration avec plusieurs partenaires institutionnels et de la soci\u00e9t\u00e9 civile, a \u00e9t\u00e9 pr\u00e9sid\u00e9e par le Wali de la r\u00e9gion de l\u2019Oriental, gouverneur de la pr\u00e9fecture d\u2019Oujda-Angad, Mouad El Jamai.<\/p>\n<p style=\"text-align: justify;\">Un public nombreux, en particulier les \u00e9l\u00e8ves des \u00e9tablissements scolaires, a visit\u00e9 les stands de l\u2019exposition scientifique organis\u00e9e \u00e0 cet effet, portant sur plusieurs sp\u00e9cialit\u00e9s comme l\u2019architecture, la robotique, la m\u00e9decine, l\u2019informatique, les math\u00e9matiques, l\u2019astronomie, l\u2019\u00e9conomie, la chimie et la physique.<\/p>\n<p style=\"text-align: justify;\">Les stands sont anim\u00e9s par des professeurs et de jeunes passionn\u00e9s par les sciences, relevant notamment de la Maison des sciences de l\u2019Oriental, des diff\u00e9rents clubs scientifiques de l\u2019Ecole nationale des sciences appliqu\u00e9es d\u2019Oujda (ENSAO) et de l\u2019\u00e9quipe de l\u2019association Enactus au sein de la Facult\u00e9 des lettres et des sciences humaines d\u2019Oujda.<\/p>\n<p style=\"text-align: justify;\">Dans une d\u00e9claration \u00e0 M24, la cha\u00eene d\u2019information en continu de la MAP, Khaoula El Mansouri, de la Maison des sciences de l\u2019Oriental, a indiqu\u00e9 que ce festival vise \u00e0 promouvoir la culture scientifique aupr\u00e8s d\u2019un large public, en particulier les \u00e9l\u00e8ves des diff\u00e9rents \u00e9tablissements scolaires.<\/p>\n<p style=\"text-align: justify;\">Il s\u2019agit aussi d\u2019orienter les \u00e9l\u00e8ves d\u00e9sireux de poursuivre leurs \u00e9tudes dans des fili\u00e8res scientifiques, a-t-elle ajout\u00e9, notant que le festival adopte une approche ludique qui permet aux enfants d\u2019apprendre tout en s\u2019amusant.<\/p>\n<p style=\"text-align: justify;\">Ce festival annuel s\u2019inscrit dans le cadre des nombreuses activit\u00e9s men\u00e9es par la Maison des sciences tout au long de l\u2019ann\u00e9e, notamment en collaboration avec les \u00e9tablissements scolaires, en vue de transmettre et vulgariser les connaissances scientifiques aupr\u00e8s des jeunes g\u00e9n\u00e9rations, via le recours \u00e0 des moyens et \u00e0 des m\u00e9thodes simples et innovantes, a-t-elle aussi expliqu\u00e9.<\/p>\n<\/div>\n<p>L\u2019article <a rel=\"nofollow\" href=\"https:\/\/www.mapoujda.ma\/fr\/oujda-9eme-edition-du-festival-des-sciences-de-loriental\/\">Oujda : 9\u00e8me \u00e9dition du Festival des sciences de l\u2019Oriental<\/a> est apparu en premier sur <a rel=\"nofollow\" href=\"https:\/\/www.mapoujda.ma\/fr\">MapOujda<\/a>.<\/p>\n<\/div>\n<p>Auteur: Soufiane ELAHMAR<br \/>\n<a href=\"https:\/\/www.mapoujda.ma\/fr\/oujda-9eme-edition-du-festival-des-sciences-de-loriental\/\">Cliquez ici pour lire l&rsquo;article depuis sa source.<\/a><\/p>\n","protected":false},"excerpt":{"rendered":"<p>La 9\u00e8me \u00e9dition du Festival des sciences de l\u2019Oriental s\u2019est ouverte vendredi au Parc \u00e9cologique d\u2019Oujda, dans le but de promouvoir les sciences et \u00e9veiller la curiosit\u00e9 scientifique, notamment aupr\u00e8s des \u00e9l\u00e8ves et \u00e9tudiants. Cet \u00e9v\u00e9nement, organis\u00e9 jusqu\u2019au 8 mai courant, sous le Haut patronage de SM le Roi Mohammed VI, par la Maison des [&hellip;]<\/p>\n","protected":false},"author":1788,"featured_media":0,"comment_status":"closed","ping_status":"closed","sticky":false,"template":"","format":"standard","meta":{"fifu_image_url":"https:\/\/www.mapoujda.ma\/map\/uploads\/2022\/05\/Festival-des-sciences-oriental-750\u00d7430-MAP-1.jpg","fifu_image_alt":"Oujda : 9\u00e8me \u00e9dition du Festival des sciences de l\u2019Oriental","footnotes":""},"categories":[54,76],"tags":[],"class_list":["post-147095","post","type-post","status-publish","format-standard","hentry","category-maroc","category-regions"],"_links":{"self":[{"href":"https:\/\/linitiative.ca\/International\/wp-json\/wp\/v2\/posts\/147095","targetHints":{"allow":["GET"]}}],"collection":[{"href":"https:\/\/linitiative.ca\/International\/wp-json\/wp\/v2\/posts"}],"about":[{"href":"https:\/\/linitiative.ca\/International\/wp-json\/wp\/v2\/types\/post"}],"author":[{"embeddable":true,"href":"https:\/\/linitiative.ca\/International\/wp-json\/wp\/v2\/users\/1788"}],"replies":[{"embeddable":true,"href":"https:\/\/linitiative.ca\/International\/wp-json\/wp\/v2\/comments?post=147095"}],"version-history":[{"count":0,"href":"https:\/\/linitiative.ca\/International\/wp-json\/wp\/v2\/posts\/147095\/revisions"}],"wp:attachment":[{"href":"https:\/\/linitiative.ca\/International\/wp-json\/wp\/v2\/media?parent=147095"}],"wp:term":[{"taxonomy":"category","embeddable":true,"href":"https:\/\/linitiative.ca\/International\/wp-json\/wp\/v2\/categories?post=147095"},{"taxonomy":"post_tag","embeddable":true,"href":"https:\/\/linitiative.ca\/International\/wp-json\/wp\/v2\/tags?post=147095"}],"curies":[{"name":"wp","href":"https:\/\/api.w.org\/{rel}","templated":true}]}}