{"id":147097,"date":"2022-05-06T08:01:34","date_gmt":"2022-05-06T12:01:34","guid":{"rendered":"https:\/\/linitiative.ca\/International\/les-prix-alimentaires-mondiaux-ralentissent-legerement\/"},"modified":"2022-05-06T08:01:34","modified_gmt":"2022-05-06T12:01:34","slug":"les-prix-alimentaires-mondiaux-ralentissent-legerement","status":"publish","type":"post","link":"https:\/\/linitiative.ca\/International\/les-prix-alimentaires-mondiaux-ralentissent-legerement\/","title":{"rendered":"Les prix alimentaires mondiaux ralentissent l\u00e9g\u00e8rement"},"content":{"rendered":"<div>\n<div class=\"field field-name-body field-type-text-with-summary field-label-hidden\">\n<div class=\"field-items\">\n<div class=\"field-item even\" property=\"content:encoded\">\n<p class=\"rtejustify\">Apr\u00e8s un record historique en mars, les prix mondiaux des denr\u00e9es alimentaires sont l\u00e9g\u00e8rement redescendus en avril, mais restent \u00e0 un niveau \u00e9lev\u00e9 du fait de la guerre en Ukraine, a annonc\u00e9 vendredi l&rsquo;Organisation des Nations Unies pour l&rsquo;alimentation et l&rsquo;agriculture (FAO).<\/p>\n<\/div>\n<\/div>\n<\/div>\n<\/div>\n<p>Auteur: mbasraoui<br \/>\n<a href=\"https:\/\/www.leconomiste.com\/flash-infos\/les-prix-alimentaires-mondiaux-ralentissent-legerement\">Cliquez ici pour lire l&rsquo;article depuis sa source.<\/a><\/p>\n","protected":false},"excerpt":{"rendered":"<p>Apr\u00e8s un record historique en mars, les prix mondiaux des denr\u00e9es alimentaires sont l\u00e9g\u00e8rement redescendus en avril, mais restent \u00e0 un niveau \u00e9lev\u00e9 du fait de la guerre en Ukraine, a annonc\u00e9 vendredi l&rsquo;Organisation des Nations Unies pour l&rsquo;alimentation et l&rsquo;agriculture (FAO). Auteur: mbasraoui Cliquez ici pour lire l&rsquo;article depuis sa source.<\/p>\n","protected":false},"author":1763,"featured_media":0,"comment_status":"closed","ping_status":"closed","sticky":false,"template":"","format":"standard","meta":{"fifu_image_url":"","fifu_image_alt":"","footnotes":""},"categories":[78,54],"tags":[],"class_list":["post-147097","post","type-post","status-publish","format-standard","hentry","category-economie","category-maroc"],"_links":{"self":[{"href":"https:\/\/linitiative.ca\/International\/wp-json\/wp\/v2\/posts\/147097","targetHints":{"allow":["GET"]}}],"collection":[{"href":"https:\/\/linitiative.ca\/International\/wp-json\/wp\/v2\/posts"}],"about":[{"href":"https:\/\/linitiative.ca\/International\/wp-json\/wp\/v2\/types\/post"}],"author":[{"embeddable":true,"href":"https:\/\/linitiative.ca\/International\/wp-json\/wp\/v2\/users\/1763"}],"replies":[{"embeddable":true,"href":"https:\/\/linitiative.ca\/International\/wp-json\/wp\/v2\/comments?post=147097"}],"version-history":[{"count":0,"href":"https:\/\/linitiative.ca\/International\/wp-json\/wp\/v2\/posts\/147097\/revisions"}],"wp:attachment":[{"href":"https:\/\/linitiative.ca\/International\/wp-json\/wp\/v2\/media?parent=147097"}],"wp:term":[{"taxonomy":"category","embeddable":true,"href":"https:\/\/linitiative.ca\/International\/wp-json\/wp\/v2\/categories?post=147097"},{"taxonomy":"post_tag","embeddable":true,"href":"https:\/\/linitiative.ca\/International\/wp-json\/wp\/v2\/tags?post=147097"}],"curies":[{"name":"wp","href":"https:\/\/api.w.org\/{rel}","templated":true}]}}