{"id":147100,"date":"2022-05-06T11:24:31","date_gmt":"2022-05-06T15:24:31","guid":{"rendered":"https:\/\/linitiative.ca\/International\/lensa-dal-hoceima-abrite-lentrepreneurial-exchange-1-0\/"},"modified":"2022-05-06T11:24:31","modified_gmt":"2022-05-06T15:24:31","slug":"lensa-dal-hoceima-abrite-lentrepreneurial-exchange-1-0","status":"publish","type":"post","link":"https:\/\/linitiative.ca\/International\/lensa-dal-hoceima-abrite-lentrepreneurial-exchange-1-0\/","title":{"rendered":"L&rsquo;ENSA d&rsquo;Al Hoceima abrite l'\u00a0\u00bbEntrepreneurial Exchange 1.0&Prime;"},"content":{"rendered":"<div>\n<div class=\"field field-name-body field-type-text-with-summary field-label-hidden\">\n<div class=\"field-items\">\n<div class=\"field-item even\" property=\"content:encoded\">\n<p class=\"rtejustify\">Le Club Enactus de l&rsquo;Ecole nationale des sciences appliqu\u00e9es (ENSA) d&rsquo;Al Hoceima accueillera, les 14 et 15 mai, l&rsquo;\u00e9v\u00e9nement \u00ab\u00a0ENSAH Entrepreneurial Exchange 1.0\u00a0\u00bb.<\/p>\n<p>Selon les organisateurs, cette manifestation vise \u00e0 d\u00e9velopper l&rsquo;esprit entrepreneurial chez les \u00e9tudiants et \u00e0 les inciter \u00e0 cr\u00e9er des entreprises qui contribuent \u00e0 cr\u00e9er des opportunit\u00e9s d&#8217;emploi dans divers domaines.<\/p>\n<\/div>\n<\/div>\n<\/div>\n<\/div>\n<p>Auteur: mbasraoui<br \/>\n<a href=\"https:\/\/www.leconomiste.com\/flash-infos\/l-ensa-d-al-hoceima-abrite-l-entrepreneurial-exchange-1-0\">Cliquez ici pour lire l&rsquo;article depuis sa source.<\/a><\/p>\n","protected":false},"excerpt":{"rendered":"<p>Le Club Enactus de l&rsquo;Ecole nationale des sciences appliqu\u00e9es (ENSA) d&rsquo;Al Hoceima accueillera, les 14 et 15 mai, l&rsquo;\u00e9v\u00e9nement \u00ab\u00a0ENSAH Entrepreneurial Exchange 1.0\u00a0\u00bb. Selon les organisateurs, cette manifestation vise \u00e0 d\u00e9velopper l&rsquo;esprit entrepreneurial chez les \u00e9tudiants et \u00e0 les inciter \u00e0 cr\u00e9er des entreprises qui contribuent \u00e0 cr\u00e9er des opportunit\u00e9s d&#8217;emploi dans divers domaines. Auteur: [&hellip;]<\/p>\n","protected":false},"author":1763,"featured_media":0,"comment_status":"closed","ping_status":"closed","sticky":false,"template":"","format":"standard","meta":{"fifu_image_url":"","fifu_image_alt":"","footnotes":""},"categories":[78,54],"tags":[],"class_list":["post-147100","post","type-post","status-publish","format-standard","hentry","category-economie","category-maroc"],"_links":{"self":[{"href":"https:\/\/linitiative.ca\/International\/wp-json\/wp\/v2\/posts\/147100","targetHints":{"allow":["GET"]}}],"collection":[{"href":"https:\/\/linitiative.ca\/International\/wp-json\/wp\/v2\/posts"}],"about":[{"href":"https:\/\/linitiative.ca\/International\/wp-json\/wp\/v2\/types\/post"}],"author":[{"embeddable":true,"href":"https:\/\/linitiative.ca\/International\/wp-json\/wp\/v2\/users\/1763"}],"replies":[{"embeddable":true,"href":"https:\/\/linitiative.ca\/International\/wp-json\/wp\/v2\/comments?post=147100"}],"version-history":[{"count":0,"href":"https:\/\/linitiative.ca\/International\/wp-json\/wp\/v2\/posts\/147100\/revisions"}],"wp:attachment":[{"href":"https:\/\/linitiative.ca\/International\/wp-json\/wp\/v2\/media?parent=147100"}],"wp:term":[{"taxonomy":"category","embeddable":true,"href":"https:\/\/linitiative.ca\/International\/wp-json\/wp\/v2\/categories?post=147100"},{"taxonomy":"post_tag","embeddable":true,"href":"https:\/\/linitiative.ca\/International\/wp-json\/wp\/v2\/tags?post=147100"}],"curies":[{"name":"wp","href":"https:\/\/api.w.org\/{rel}","templated":true}]}}