{"id":147109,"date":"2022-05-06T06:51:00","date_gmt":"2022-05-06T10:51:00","guid":{"rendered":"https:\/\/linitiative.ca\/International\/khadija-taoufik-moalla-de-la-necessite-detendre-lamnistie-a-nos-freres-africains-lettre-ouverte-au-president-de-la-republique\/"},"modified":"2022-05-06T06:51:00","modified_gmt":"2022-05-06T10:51:00","slug":"khadija-taoufik-moalla-de-la-necessite-detendre-lamnistie-a-nos-freres-africains-lettre-ouverte-au-president-de-la-republique","status":"publish","type":"post","link":"https:\/\/linitiative.ca\/International\/khadija-taoufik-moalla-de-la-necessite-detendre-lamnistie-a-nos-freres-africains-lettre-ouverte-au-president-de-la-republique\/","title":{"rendered":"Khadija Taoufik Moalla &#8211; De la n\u00e9cessit\u00e9 d\u2019\u00e9tendre l\u2019amnistie \u00e0 nos fr\u00e8res Africains: Lettre ouverte au Pr\u00e9sident de la R\u00e9publique"},"content":{"rendered":"<div><img decoding=\"async\" src=\"https:\/\/linitiative.ca\/International\/wp-content\/uploads\/sites\/23\/2022\/05\/1651831388_article.jpg\" alt=\"Khadija Taoufik Moalla - De la n\u00e9cessit\u00e9 d\u2019\u00e9tendre l\u2019amnistie \u00e0 nos fr\u00e8res Africains: Lettre ouverte au Pr\u00e9sident de la R\u00e9publique\" align=\"left\">Monsieur le Pr\u00e9sident,<br \/>\nVous avez d\u00e9cid\u00e9 d\u2019amnistier les p\u00e9nalit\u00e9s de retard de paiement pour les Tunisien(nes) pour certaines redevances, et c\u2019est une excellente d\u00e9cision car elle permettra aux citoyens de r\u00e9gulariser leur situation juridique et offrira des rentr\u00e9es de fonds au pays.<br \/>\nAujourd\u2019hui, il est plus qu\u2019urgent d\u2019\u00e9tendre cette m\u00eame amnistie \u00e0 nos fr\u00e8res et s\u0153urs Africains qui vivent des conditions humanitaires des plus difficiles sur notre territoire. En effet, de m\u00eame que nous sommes toutes et tous de fervents d\u00e9fenseurs des droits de notre diaspora \u00e0 l\u2019\u00e9tranger, pour qui nous r\u00eavons de la meilleure int\u00e9gration possible dans leur pays d\u2019accueil, &#8230;<\/p>\n<\/div>\n<p>Auteur:<br \/>\n<a href=\"https:\/\/www.leaders.com.tn\/article\/33312-khadija-taoufik-moalla-de-la-necessite-d-etendre-l-amnistie-a-nos-freres-africains-lettre-ouverte-au-president-de-la-republique\">Cliquez ici pour lire l&rsquo;article depuis sa source.<\/a><\/p>\n","protected":false},"excerpt":{"rendered":"<p>Monsieur le Pr\u00e9sident, Vous avez d\u00e9cid\u00e9 d\u2019amnistier les p\u00e9nalit\u00e9s de retard de paiement pour les Tunisien(nes) pour certaines redevances, et c\u2019est une excellente d\u00e9cision car elle permettra aux citoyens de r\u00e9gulariser leur situation juridique et offrira des rentr\u00e9es de fonds au pays. Aujourd\u2019hui, il est plus qu\u2019urgent d\u2019\u00e9tendre cette m\u00eame amnistie \u00e0 nos fr\u00e8res et [&hellip;]<\/p>\n","protected":false},"author":1772,"featured_media":0,"comment_status":"closed","ping_status":"closed","sticky":false,"template":"","format":"standard","meta":{"fifu_image_url":"http:\/\/www.leaders.com.tn\/uploads\/content\/thumbnails_small\/1651831388_article.jpg","fifu_image_alt":"Khadija Taoufik Moalla - De la n\u00e9cessit\u00e9 d\u2019\u00e9tendre l\u2019amnistie \u00e0 nos fr\u00e8res Africains: Lettre ouverte au Pr\u00e9sident de la R\u00e9publique","footnotes":""},"categories":[73,55],"tags":[],"class_list":["post-147109","post","type-post","status-publish","format-standard","hentry","category-actualite","category-tunisie"],"_links":{"self":[{"href":"https:\/\/linitiative.ca\/International\/wp-json\/wp\/v2\/posts\/147109","targetHints":{"allow":["GET"]}}],"collection":[{"href":"https:\/\/linitiative.ca\/International\/wp-json\/wp\/v2\/posts"}],"about":[{"href":"https:\/\/linitiative.ca\/International\/wp-json\/wp\/v2\/types\/post"}],"author":[{"embeddable":true,"href":"https:\/\/linitiative.ca\/International\/wp-json\/wp\/v2\/users\/1772"}],"replies":[{"embeddable":true,"href":"https:\/\/linitiative.ca\/International\/wp-json\/wp\/v2\/comments?post=147109"}],"version-history":[{"count":0,"href":"https:\/\/linitiative.ca\/International\/wp-json\/wp\/v2\/posts\/147109\/revisions"}],"wp:attachment":[{"href":"https:\/\/linitiative.ca\/International\/wp-json\/wp\/v2\/media?parent=147109"}],"wp:term":[{"taxonomy":"category","embeddable":true,"href":"https:\/\/linitiative.ca\/International\/wp-json\/wp\/v2\/categories?post=147109"},{"taxonomy":"post_tag","embeddable":true,"href":"https:\/\/linitiative.ca\/International\/wp-json\/wp\/v2\/tags?post=147109"}],"curies":[{"name":"wp","href":"https:\/\/api.w.org\/{rel}","templated":true}]}}