{"id":147117,"date":"2022-05-06T13:48:22","date_gmt":"2022-05-06T17:48:22","guid":{"rendered":"https:\/\/linitiative.ca\/International\/tournoi-atp-santiago-open-2022-chery-met-en-vedette-le-tiggo-8-pro\/"},"modified":"2022-05-06T13:48:22","modified_gmt":"2022-05-06T17:48:22","slug":"tournoi-atp-santiago-open-2022-chery-met-en-vedette-le-tiggo-8-pro","status":"publish","type":"post","link":"https:\/\/linitiative.ca\/International\/tournoi-atp-santiago-open-2022-chery-met-en-vedette-le-tiggo-8-pro\/","title":{"rendered":"Tournoi ATP Santiago Open 2022\u00a0: Chery met en vedette le Tiggo 8 Pro"},"content":{"rendered":"<div><img decoding=\"async\" width=\"800\" height=\"450\" src=\"https:\/\/linitiative.ca\/International\/wp-content\/uploads\/sites\/23\/2022\/05\/Tiggo-8-Pro-ouverture.jpg\" class=\"attachment-post-thumbnail size-post-thumbnail wp-post-image\" alt=\"\" loading=\"lazy\" srcset=\"https:\/\/linitiative.ca\/International\/wp-content\/uploads\/sites\/23\/2022\/05\/Tiggo-8-Pro-ouverture.jpg 800w, https:\/\/www.challenge.ma\/wp-content\/uploads\/2022\/05\/Tiggo-8-Pro-ouverture-300x169.jpg 300w, https:\/\/www.challenge.ma\/wp-content\/uploads\/2022\/05\/Tiggo-8-Pro-ouverture-768x432.jpg 768w, https:\/\/www.challenge.ma\/wp-content\/uploads\/2022\/05\/Tiggo-8-Pro-ouverture-360x203.jpg 360w, https:\/\/www.challenge.ma\/wp-content\/uploads\/2022\/05\/Tiggo-8-Pro-ouverture-750x422.jpg 750w\" sizes=\"auto, (max-width: 800px) 100vw, 800px\" itemprop=\"image\">Discipline sportive noble depuis sa cr\u00e9ation, le tennis v\u00e9hicule des valeurs fortes dont l\u2019\u00e9l\u00e9gance, l\u2019intelligence du jeu, le physique et la technicit\u00e9 du joueur, mais aussi la victoire et l\u2019honneur. Des valeurs ch\u00e8res \u00e0 Chery et qui, en quelque sorte, sont grav\u00e9es dans les g\u00e8nes de la marque. L\u2019occasion \u00e9galement<\/div>\n<p>Auteur: David J\u00e9r\u00e9mie<br \/>\n<a href=\"https:\/\/www.challenge.ma\/tournoi-atp-santiago-open-2022-chery-met-en-vedette-le-tiggo-8-pro-238135\/\">Cliquez ici pour lire l&rsquo;article depuis sa source.<\/a><\/p>\n","protected":false},"excerpt":{"rendered":"<p>Discipline sportive noble depuis sa cr\u00e9ation, le tennis v\u00e9hicule des valeurs fortes dont l\u2019\u00e9l\u00e9gance, l\u2019intelligence du jeu, le physique et la technicit\u00e9 du joueur, mais aussi la victoire et l\u2019honneur. Des valeurs ch\u00e8res \u00e0 Chery et qui, en quelque sorte, sont grav\u00e9es dans les g\u00e8nes de la marque. L\u2019occasion \u00e9galement Auteur: David J\u00e9r\u00e9mie Cliquez ici [&hellip;]<\/p>\n","protected":false},"author":1787,"featured_media":0,"comment_status":"closed","ping_status":"closed","sticky":false,"template":"","format":"standard","meta":{"fifu_image_url":"https:\/\/www.challenge.ma\/wp-content\/uploads\/2022\/05\/Tiggo-8-Pro-ouverture.jpg","fifu_image_alt":"Tournoi ATP Santiago Open 2022\u00a0: Chery met en vedette le Tiggo 8 Pro","footnotes":""},"categories":[78,54],"tags":[],"class_list":["post-147117","post","type-post","status-publish","format-standard","hentry","category-economie","category-maroc"],"_links":{"self":[{"href":"https:\/\/linitiative.ca\/International\/wp-json\/wp\/v2\/posts\/147117","targetHints":{"allow":["GET"]}}],"collection":[{"href":"https:\/\/linitiative.ca\/International\/wp-json\/wp\/v2\/posts"}],"about":[{"href":"https:\/\/linitiative.ca\/International\/wp-json\/wp\/v2\/types\/post"}],"author":[{"embeddable":true,"href":"https:\/\/linitiative.ca\/International\/wp-json\/wp\/v2\/users\/1787"}],"replies":[{"embeddable":true,"href":"https:\/\/linitiative.ca\/International\/wp-json\/wp\/v2\/comments?post=147117"}],"version-history":[{"count":0,"href":"https:\/\/linitiative.ca\/International\/wp-json\/wp\/v2\/posts\/147117\/revisions"}],"wp:attachment":[{"href":"https:\/\/linitiative.ca\/International\/wp-json\/wp\/v2\/media?parent=147117"}],"wp:term":[{"taxonomy":"category","embeddable":true,"href":"https:\/\/linitiative.ca\/International\/wp-json\/wp\/v2\/categories?post=147117"},{"taxonomy":"post_tag","embeddable":true,"href":"https:\/\/linitiative.ca\/International\/wp-json\/wp\/v2\/tags?post=147117"}],"curies":[{"name":"wp","href":"https:\/\/api.w.org\/{rel}","templated":true}]}}